{"id":6684,"date":"2025-02-19T10:01:08","date_gmt":"2025-02-19T10:01:08","guid":{"rendered":"https:\/\/quantum2025.org\/news-link\/lannee-internationale-du-quantum-allumer-les-possibilites-accelerer-lavenir\/"},"modified":"2025-05-16T10:15:54","modified_gmt":"2025-05-16T10:15:54","slug":"lannee-internationale-du-quantum-allumer-les-possibilites-accelerer-lavenir","status":"publish","type":"news-link","link":"https:\/\/quantum2025.org\/fr\/news-link\/lannee-internationale-du-quantum-allumer-les-possibilites-accelerer-lavenir\/","title":{"rendered":"L&rsquo;ann\u00e9e internationale du quantum : Allumer les possibilit\u00e9s, acc\u00e9l\u00e9rer l&rsquo;avenir"},"content":{"rendered":"\n<p><strong>Br\u00e8ves d&rsquo;initi\u00e9s :<\/strong><\/p>\n\n<ul class=\"wp-block-list\">\n<li>L&rsquo;Ann\u00e9e internationale de la quantique est un appel \u00e0 l&rsquo;action, et non une simple c\u00e9l\u00e9bration. Elle vise \u00e0 sensibiliser le public \u00e0 la science quantique, en garantissant l&rsquo;accessibilit\u00e9 et l&rsquo;engagement au-del\u00e0 du monde universitaire. <\/li>\n\n\n\n<li>La collaboration et l&rsquo;inclusion sont essentielles pour l&rsquo;avenir de la quantique. La c\u00e9r\u00e9monie a soulign\u00e9 la n\u00e9cessit\u00e9 de partenariats interdisciplinaires, de progr\u00e8s it\u00e9ratifs et d&rsquo;une participation accrue des industries et des communaut\u00e9s. <\/li>\n\n\n\n<li>L&rsquo;\u00e9ducation et le d\u00e9veloppement de la main-d&rsquo;\u0153uvre doivent \u00eatre prioritaires d\u00e8s maintenant. L&rsquo;acquisition d&rsquo;une culture quantique de la maternelle \u00e0 la terminale et la requalification des professionnels dans tous les domaines sont essentielles \u00e0 la cr\u00e9ation d&rsquo;un \u00e9cosyst\u00e8me solide et diversifi\u00e9. <\/li>\n\n\n\n<li>La responsabilit\u00e9 \u00e9thique et l&rsquo;impact soci\u00e9tal doivent guider la croissance de la technologie quantique. Le domaine doit trouver un \u00e9quilibre entre l&rsquo;innovation, la s\u00e9curit\u00e9, la durabilit\u00e9 et l&rsquo;acc\u00e8s \u00e9quitable \u00e0 l&rsquo;\u00e9chelle mondiale, afin que la technologie quantique profite \u00e0 l&rsquo;humanit\u00e9 dans son ensemble. <\/li>\n\n\n\n<li>Cr\u00e9dit photo : UNESCO\/Marie ETCHEGOYEN<\/li>\n<\/ul>\n\n<p>La quantique a toujours \u00e9t\u00e9 une force de contradiction, \u00e0 la fois fondamentale et insaisissable, qui a fa\u00e7onn\u00e9 le monde moderne tout en restant une \u00e9nigme pour la plupart des gens. Elle est pr\u00e9sente dans les appareils que nous utilisons, dans les syst\u00e8mes dont nous d\u00e9pendons, mais elle est \u00e9voqu\u00e9e sous forme de paradoxes, et peu de gens la comprennent. <\/p>\n\n<p>La c\u00e9r\u00e9monie d&rsquo;ouverture de l&rsquo;Ann\u00e9e internationale de la quantique \u00e9tait une reconnaissance de cette dualit\u00e9 &#8211; non seulement une r\u00e9flexion sur un si\u00e8cle de d\u00e9couvertes, mais aussi un appel \u00e0 fa\u00e7onner l&rsquo;avenir. Il s&rsquo;agissait d&rsquo;un rassemblement de scientifiques, de d\u00e9cideurs politiques et de chefs d&rsquo;entreprise, unis non seulement par leur ambition, mais aussi par leur responsabilit\u00e9 de rendre l&rsquo;avenir de la quantique plus tangible, plus accessible et plus inclusif. <\/p>\n\n<p>L&rsquo;UNESCO, l&rsquo;American Physical Society et des organisations telles que The Quantum Insider soutiennent cette initiative d&rsquo;une dur\u00e9e d&rsquo;un an visant \u00e0 sensibiliser le public \u00e0 la quantique, non pas en tant que domaine th\u00e9orique lointain, mais en tant qu&rsquo;outil potentiel susceptible d&rsquo;avoir un impact sur la soci\u00e9t\u00e9 \u00e0 tous les niveaux. La mission n&rsquo;est pas seulement de c\u00e9l\u00e9brer les progr\u00e8s, mais de veiller \u00e0 ce que la prochaine \u00e8re quantique soit celle de tous. <br\/><\/p>\n\n<h2 class=\"wp-block-heading\">Une convergence d&rsquo;objectifs<\/h2>\n\n<p>La c\u00e9r\u00e9monie n&rsquo;\u00e9tait pas seulement une \u00e9tape de r\u00e9flexion, c&rsquo;\u00e9tait aussi une \u00e9tape d&rsquo;alignement. Sur sc\u00e8ne, nous avons confirm\u00e9, en tant que communaut\u00e9, que nous \u00e9tions sur la bonne voie, avec des th\u00e8mes communs d&rsquo;accessibilit\u00e9, d&rsquo;\u00e9ducation, de d\u00e9veloppement responsable et d&rsquo;outils pour atteindre les objectifs de d\u00e9veloppement durable. En dehors de la sc\u00e8ne, les conversations se sont approfondies, des partenariats se sont form\u00e9s et le travail de l&rsquo;avenir n&rsquo;a pas seulement \u00e9t\u00e9 imagin\u00e9, il a \u00e9t\u00e9 activement mis en mouvement.  <\/p>\n\n<p>Pour construire quelque chose de nouveau, il faut \u00eatre capable de voir au-del\u00e0 de ce qui existe et de faire le meilleur pas en avant. L&rsquo;Ann\u00e9e internationale des quanta ne consiste pas seulement \u00e0 c\u00e9l\u00e9brer les r\u00e9alisations ; il s&rsquo;agit de d\u00e9passer les barri\u00e8res &#8211; techniques, conceptuelles, institutionnelles &#8211; pour faire en sorte que les promesses des quanta se concr\u00e9tisent pour tous. <\/p>\n\n<p>Celia Merzbacher, directrice ex\u00e9cutive de QED-C, a r\u00e9sum\u00e9 cette vision : \u00ab\u00a0Je pense que l&rsquo;Ann\u00e9e internationale du quantum est une opportunit\u00e9, parce qu&rsquo;elle est large, inclusive et qu&rsquo;elle sensibilise le public. Bien que le QED-C soit tr\u00e8s ax\u00e9 sur l&rsquo;avancement de l&rsquo;industrie commerciale, cette industrie d\u00e9pend de l&rsquo;ensemble de l&rsquo;\u00e9cosyst\u00e8me de l&rsquo;innovation, de la recherche au d\u00e9veloppement de produits. Je dis toujours : le quantique est mondial. L&rsquo;innovation est mondiale. Les talents sont r\u00e9partis \u00e0 l&rsquo;\u00e9chelle mondiale et les march\u00e9s sont mondiaux. L&rsquo;Ann\u00e9e internationale du quantum vise \u00e0 rassembler le plus grand nombre possible de parties prenantes.<\/p>\n\n<p>Et la v\u00e9ritable inclusion est un processus actif, qui va au-del\u00e0 de la prise de conscience et n\u00e9cessite un engagement soutenu entre les disciplines, les industries et les communaut\u00e9s. Au fur et \u00e0 mesure que la conversation s&rsquo;approfondissait, un fil conducteur s&rsquo;est d\u00e9gag\u00e9 : les progr\u00e8s en mati\u00e8re de quantique ne viendront pas seulement des visionnaires, mais aussi de ceux qui affinent, remettent en question et font \u00e9voluer les id\u00e9es en temps r\u00e9el. Allison Schwartz, vice-pr\u00e9sidente des relations gouvernementales mondiales et des affaires publiques chez D-Wave, a confirm\u00e9 cette r\u00e9alit\u00e9 : \u00ab\u00a0Le fait d&rsquo;\u00eatre au c\u0153ur de cette industrie &#8211; en cr\u00e9ant des applications aujourd&rsquo;hui et en fournissant un acc\u00e8s au nuage en temps r\u00e9el dans 42 pays &#8211; nous donne une occasion unique d&rsquo;exploiter les nouvelles g\u00e9n\u00e9rations d&rsquo;innovateurs. Nous nous concentrons tout particuli\u00e8rement sur ceux qui ne se contentent pas d&rsquo;une r\u00e9flexion th\u00e9orique, mais qui se demandent ce qu&rsquo;ils peuvent faire aujourd&rsquo;hui\u00a0\u00bb.  <\/p>\n\n<p>La quantique n&rsquo;est pas une entreprise solitaire. Elle se nourrit de la collaboration, de la fusion des disciplines et des id\u00e9es qui remettent en cause les id\u00e9es re\u00e7ues. Krysta Svore, Technical Fellow et vice-pr\u00e9sidente de l&rsquo;Advanced Quantum Development chez Microsoft, a soulign\u00e9 cette dynamique : \u00ab\u00a0En informatique, vous comparez toujours &#8211; vous ex\u00e9cutez, vous mesurez par rapport \u00e0 une r\u00e9f\u00e9rence, et si c&rsquo;est mieux, vous l&rsquo;utilisez. Mais dans l&rsquo;informatique quantique, nous n&rsquo;avons pas \u00e9t\u00e9 en mesure de le faire. L&rsquo;avantage aujourd&rsquo;hui, c&rsquo;est que nous produisons des machines quantiques fiables qui peuvent \u00eatre int\u00e9gr\u00e9es et superpos\u00e9es aux flux de travail existants.  <\/p>\n\n<p>L&rsquo;avenir de la quantique ne peut \u00eatre construit de mani\u00e8re isol\u00e9e. Il ne s&rsquo;agit pas d&rsquo;un syst\u00e8me en boucle ferm\u00e9e, autonome et r\u00e9serv\u00e9 \u00e0 une poign\u00e9e d&rsquo;experts. Il doit \u00eatre expansif, int\u00e9gratif et, par-dessus tout, inclusif.  <\/p>\n\n<h2 class=\"wp-block-heading\">La question de la compr\u00e9hension<\/h2>\n\n<p>L&rsquo;\u00e9ducation \u00e9tait l&rsquo;un des th\u00e8mes les plus urgents de la c\u00e9r\u00e9monie. La culture num\u00e9rique est fondamentale dans le monde d&rsquo;aujourd&rsquo;hui, mais l&rsquo;informatique classique reste absente de nombreux programmes d&rsquo;enseignement de la maternelle \u00e0 la terminale. Les math\u00e9matiques et la physique, essentielles \u00e0 l&rsquo;informatique quantique, sont souvent n\u00e9glig\u00e9es. Si nous ne donnons pas la priorit\u00e9 \u00e0 ces mati\u00e8res d\u00e8s le plus jeune \u00e2ge, nous risquons de cr\u00e9er un avenir o\u00f9 seuls quelques privil\u00e9gi\u00e9s auront les connaissances et la possibilit\u00e9 de s&rsquo;engager dans cette technologie de mani\u00e8re significative.   <\/p>\n\n<p>Mais il n&rsquo;est pas possible d&rsquo;attendre que la prochaine g\u00e9n\u00e9ration atteigne l&rsquo;\u00e2ge adulte. L&rsquo;urgence du d\u00e9veloppement du quantique exige une main-d&rsquo;\u0153uvre issue de toutes les disciplines et de tous les secteurs d&rsquo;activit\u00e9. Nous avons besoin de physiciens, certes, mais aussi d&rsquo;ing\u00e9nieurs \u00e9lectriciens, de d\u00e9veloppeurs de logiciels, de d\u00e9cideurs politiques et de militants. Le succ\u00e8s de la technologie quantique ne reposera pas uniquement sur les scientifiques ; il n\u00e9cessitera les efforts de tout un \u00e9cosyst\u00e8me.   <\/p>\n\n<p>Rajeeb Hazra, PDG de Quantinuum, l&rsquo;a dit sans ambages : \u00ab\u00a0Le d\u00e9fi de l&rsquo;acc\u00e8s est en grande partie li\u00e9 \u00e0 la main-d&rsquo;\u0153uvre. Pour que la quantique r\u00e9alise son plein potentiel, elle doit \u00e9voluer \u00e0 partir d&rsquo;un petit groupe de personnes qui doivent travailler excessivement dur contre les syst\u00e8mes du monde entier pour bien faire les choses\u00a0\u00bb.<\/p>\n\n<p>Mitra Azizirad, pr\u00e9sident et directeur de l&rsquo;exploitation de Strategic Missions &amp; Technologies chez Microsoft, a d\u00e9velopp\u00e9 cette id\u00e9e : \u00ab\u00a0La premi\u00e8re \u00e9tape pour nous &#8211; et ce sur quoi je me concentre le plus &#8211; est d&rsquo;identifier ces applications hybrides initiales. Comment travailler avec nos partenaires et nos clients pour d\u00e9terminer ce qu&rsquo;elles seront ? Car lorsque vous pensez au mariage de l&rsquo;IA et du quantique, il y a une opportunit\u00e9 incroyable \u00e0 venir.\u00a0\u00bb<\/p>\n\n<p>Jonathan Felbinger, directeur adjoint du QED-C, a \u00e9tabli un parall\u00e8le avec l&rsquo;IA : \u00ab\u00a0Je pense qu&rsquo;il s&rsquo;agit d&rsquo;une excellente occasion de capter l&rsquo;imagination du public, un peu comme l&rsquo;a fait l&rsquo;IA. Chaque jour, l&rsquo;actualit\u00e9 parle de l&rsquo;IA et je suis s\u00fbr que les enfants d&rsquo;aujourd&rsquo;hui se disent : \u00ab\u00a0Je veux travailler dans l&rsquo;IA, je veux apprendre l&rsquo;IA\u00a0\u00bb. Je veux apprendre l&rsquo;IA\u00a0\u00bb. D&rsquo;une certaine mani\u00e8re, ils sont devenus des natifs de l&rsquo;IA, interagissant avec elle, la fa\u00e7onnant et la faisant conna\u00eetre. Je souhaite le m\u00eame niveau d&rsquo;engagement du public pour le quantique, \u00e0 la fois en termes de compr\u00e9hension des cas d&rsquo;utilisation et de formation de la future main-d&rsquo;\u0153uvre.<\/p>\n\n<h2 class=\"wp-block-heading\">\u00c9thique, durabilit\u00e9 et responsabilit\u00e9 de la connaissance<\/h2>\n\n<p>La science n&rsquo;existe pas dans le vide et ne devrait pas exister. La recherche de la connaissance est profond\u00e9ment humaine, motiv\u00e9e par la curiosit\u00e9, l&rsquo;\u00e9merveillement, le d\u00e9sir de d\u00e9passer le connu. Mais l&rsquo;\u00e9merveillement ne suffit pas. Si nous poss\u00e9dons une technologie, m\u00eame \u00e0 un stade pr\u00e9coce, qui a le potentiel de relever les d\u00e9fis les plus profonds du monde, la responsabilit\u00e9 de la poursuivre va au-del\u00e0 de l&rsquo;ambition personnelle &#8211; elle devient une obligation envers l&rsquo;humanit\u00e9.   <\/p>\n\n<p>Le professeur Yasser Omar, pr\u00e9sident de l&rsquo;Institut quantique portugais, a rappel\u00e9 aux participants, dans son allocution d&rsquo;ouverture du deuxi\u00e8me jour de l&rsquo;\u00e9v\u00e9nement, que \u00ab\u00a0la science fondamentale est un bienfait pour la soci\u00e9t\u00e9\u00a0\u00bb. Mais son impact d\u00e9pend de la mani\u00e8re dont nous choisissons de l&rsquo;appliquer. La responsabilit\u00e9 de la d\u00e9couverte scientifique n&rsquo;incombe pas uniquement aux chercheurs en laboratoire, mais aussi aux \u00e9ducateurs, aux d\u00e9cideurs politiques, aux entreprises et aux individus qui cherchent \u00e0 int\u00e9grer et \u00e0 appliquer ces d\u00e9couvertes au profit de la soci\u00e9t\u00e9.  <\/p>\n\n<p>M. Hazra a insist\u00e9 sur cette double responsabilit\u00e9 : \u00ab\u00a0Notre t\u00e2che consiste \u00e0 acc\u00e9l\u00e9rer l&rsquo;informatique quantique utile pour de bon, et chaque mot de cette expression est significatif. Notre r\u00f4le est de nous assurer que nous acc\u00e9l\u00e9rons \u00e0 la fois le rythme de cr\u00e9ation de la technologie et son adoption. Il ne sert \u00e0 rien de d\u00e9velopper une technologie et de la laisser en laboratoire. Et il n&rsquo;est pas bon d&rsquo;arr\u00eater d&rsquo;innover simplement parce qu&rsquo;il est de plus en plus difficile de d\u00e9mocratiser cette technologie au-del\u00e0 du laboratoire\u00a0\u00bb.<\/p>\n\n<p>Comme pour toute technologie puissante, les consid\u00e9rations \u00e9thiques et les risques de s\u00e9curit\u00e9 doivent \u00e9galement \u00eatre pris en compte. M. Merzbacher pr\u00e9conise une approche \u00e9quilibr\u00e9e : \u00ab\u00a0Dans le contexte de l&rsquo;Ann\u00e9e internationale du quantum, je pense que nous devrions nous concentrer sur les applications b\u00e9n\u00e9fiques, qu&rsquo;il s&rsquo;agisse de diagnostics au point de soins, d&rsquo;am\u00e9lioration des pr\u00e9visions m\u00e9t\u00e9orologiques pour aider les agriculteurs ou d&rsquo;autres impacts positifs. \u00c0 mesure que nous d\u00e9veloppons ces utilisations b\u00e9n\u00e9fiques, les contr\u00f4les de s\u00e9curit\u00e9 nationale devront \u00eatre cibl\u00e9s. Des protections seront toujours n\u00e9cessaires, mais elles devraient \u00eatre \u00e9troitement cibl\u00e9es pour garantir que les applications positives du quantum puissent \u00eatre largement partag\u00e9es et utilis\u00e9es\u00a0\u00bb. <\/p>\n\n<h2 class=\"wp-block-heading\">Le travail qui nous attend<\/h2>\n\n<p>L&rsquo;un des enseignements les plus frappants a \u00e9t\u00e9 la reconnaissance du fait que le progr\u00e8s n&rsquo;est pas toujours confortable et que la quantique ne peut pas se permettre d&rsquo;\u00eatre un domaine exclusif. L&rsquo;avenir appartient \u00e0 ceux qui sont pr\u00eats \u00e0 l&rsquo;int\u00e9grer dans les industries, les disciplines et les communaut\u00e9s. La c\u00e9r\u00e9monie \u00e9tait un d\u00e9but, pas une fin.  <\/p>\n\n<p>Comme l&rsquo;a fait remarquer M. Hazra, \u00ab\u00a0les trois ou quatre derni\u00e8res ann\u00e9es &#8211; et m\u00eame la derni\u00e8re d\u00e9cennie, avant la cr\u00e9ation de Quantinuum &#8211; ont \u00e9t\u00e9 des ann\u00e9es de d\u00e9couverte. Nous avons appris ce qui fonctionne et ce qui ne fonctionne pas. Aujourd&rsquo;hui, 2025 est l&rsquo;ann\u00e9e de l&rsquo;acc\u00e9l\u00e9ration. Je ne dis pas que nous avons r\u00e9solu tous les probl\u00e8mes, mais nous avons un chemin, une carte. Et maintenant, nous avan\u00e7ons plus vite sur cette carte. L&rsquo;Ann\u00e9e internationale de l&rsquo;informatique quantique est l&rsquo;ann\u00e9e de l&rsquo;acc\u00e9l\u00e9ration de l&rsquo;informatique quantique utile pour de bon.<\/p>\n\n<p>L&rsquo;urgence ne r\u00e9side pas seulement dans la technologie elle-m\u00eame, mais aussi dans les d\u00e9cisions que nous prenons \u00e0 son sujet. L&rsquo;Ann\u00e9e internationale des quanta n&rsquo;est pas seulement une c\u00e9l\u00e9bration, c&rsquo;est un d\u00e9fi. C&rsquo;est un appel \u00e0 faire en sorte que les fondations que nous construisons aujourd&rsquo;hui soient durables. Apr\u00e8s tout, la science ne se limite pas \u00e0 ce que nous pouvons faire, mais \u00e0 ce que nous devons faire.   <\/p>\n\n<p>Azizirad, avec passion et intention, a captur\u00e9 l&rsquo;essence de ce moment : \u00ab\u00a0Mais c&rsquo;est maintenant, ce moment, qui est le plus excitant. Parce que nous sommes \u00e0 l&rsquo;aube de quelque chose o\u00f9 tout semble possible. Nous sommes dans la phase de \u00ab\u00a0l&rsquo;art du possible\u00a0\u00bb, o\u00f9 nous sommes v\u00e9ritablement en train d&rsquo;\u00e9laborer des id\u00e9es et de superposer des \u00e9l\u00e9ments quantiques dans ce qui va suivre\u00a0\u00bb.<\/p>\n\n<hr class=\"wp-block-separator has-alpha-channel-opacity\"\/>\n\n<p>Cet article a \u00e9t\u00e9 publi\u00e9 sur <a href=\"https:\/\/thequantuminsider.com\/2025\/02\/14\/the-international-year-of-quantum-igniting-possibility-accelerating-the-future\/\" target=\"_blank\" rel=\"noreferrer noopener\">Quantum Insider<\/a><\/p>\n\n<p><\/p>\n","protected":false},"featured_media":4097,"template":"","keywords":[87,68,88],"class_list":["post-6684","news-link","type-news-link","status-publish","has-post-thumbnail","hentry","keywords-quantinuum","keywords-sustainability","keywords-unesco"],"acf":[],"yoast_head":"<!-- This site is optimized with the Yoast SEO plugin v27.4 - https:\/\/yoast.com\/product\/yoast-seo-wordpress\/ -->\n<title>L&#039;ann\u00e9e internationale du quantum : Allumer les possibilit\u00e9s, acc\u00e9l\u00e9rer l&#039;avenir - IYQ 2025<\/title>\n<meta name=\"description\" content=\"Insider Brief:L&#039;Ann\u00e9e internationale de la quantique est un appel \u00e0 l&#039;action, pas seulement une c\u00e9l\u00e9bration. Elle vise \u00e0 sensibiliser le public \u00e0 la science quantique, en garantissant l&#039;accessibilit\u00e9 et l&#039;engagement au-del\u00e0 du monde universitaire.La collaboration et l&#039;inclusion sont essentielles pour l&#039;avenir du quantique. La c\u00e9r\u00e9monie a renforc\u00e9 la n\u00e9cessit\u00e9 de partenariats interdisciplinaires, de progr\u00e8s it\u00e9ratifs et d&#039;une participation accrue des industries et des communaut\u00e9s.L&#039;\u00e9ducation et le d\u00e9veloppement de la main-d&#039;\u0153uvre doivent \u00eatre prioritaires d\u00e8s maintenant. L&#039;\u00e9ducation quantique de la maternelle \u00e0 la terminale et le recyclage des professionnels dans tous les domaines sont essentiels \u00e0 la construction d&#039;un \u00e9cosyst\u00e8me solide et diversifi\u00e9.La responsabilit\u00e9 \u00e9thique et l&#039;impact soci\u00e9tal doivent guider la croissance de la quantique. La responsabilit\u00e9 \u00e9thique et l&#039;impact soci\u00e9tal doivent guider la croissance du quantique. Le domaine doit \u00e9quilibrer l&#039;innovation avec la s\u00e9curit\u00e9, la durabilit\u00e9 et l&#039;acc\u00e8s mondial \u00e9quitable, en veillant \u00e0 ce que le quantique profite \u00e0 l&#039;humanit\u00e9 dans son ensemble.Cr\u00e9dit photo : UNESCO\/Marie ETCHEGOYEN\" \/>\n<meta name=\"robots\" content=\"index, follow, max-snippet:-1, max-image-preview:large, max-video-preview:-1\" \/>\n<meta property=\"og:locale\" content=\"fr_FR\" \/>\n<meta property=\"og:type\" content=\"article\" \/>\n<meta property=\"og:title\" content=\"L&#039;ann\u00e9e internationale du quantum : Allumer les possibilit\u00e9s, acc\u00e9l\u00e9rer l&#039;avenir - IYQ 2025\" \/>\n<meta property=\"og:description\" content=\"Insider Brief:L&#039;Ann\u00e9e internationale de la quantique est un appel \u00e0 l&#039;action, pas seulement une c\u00e9l\u00e9bration. Elle vise \u00e0 sensibiliser le public \u00e0 la science quantique, en garantissant l&#039;accessibilit\u00e9 et l&#039;engagement au-del\u00e0 du monde universitaire.La collaboration et l&#039;inclusion sont essentielles pour l&#039;avenir du quantique. La c\u00e9r\u00e9monie a renforc\u00e9 la n\u00e9cessit\u00e9 de partenariats interdisciplinaires, de progr\u00e8s it\u00e9ratifs et d&#039;une participation accrue des industries et des communaut\u00e9s.L&#039;\u00e9ducation et le d\u00e9veloppement de la main-d&#039;\u0153uvre doivent \u00eatre prioritaires d\u00e8s maintenant. L&#039;\u00e9ducation quantique de la maternelle \u00e0 la terminale et le recyclage des professionnels dans tous les domaines sont essentiels \u00e0 la construction d&#039;un \u00e9cosyst\u00e8me solide et diversifi\u00e9.La responsabilit\u00e9 \u00e9thique et l&#039;impact soci\u00e9tal doivent guider la croissance de la quantique. La responsabilit\u00e9 \u00e9thique et l&#039;impact soci\u00e9tal doivent guider la croissance du quantique. Le domaine doit \u00e9quilibrer l&#039;innovation avec la s\u00e9curit\u00e9, la durabilit\u00e9 et l&#039;acc\u00e8s mondial \u00e9quitable, en veillant \u00e0 ce que le quantique profite \u00e0 l&#039;humanit\u00e9 dans son ensemble.Cr\u00e9dit photo : UNESCO\/Marie ETCHEGOYEN\" \/>\n<meta property=\"og:url\" content=\"https:\/\/quantum2025.org\/fr\/news-link\/lannee-internationale-du-quantum-allumer-les-possibilites-accelerer-lavenir\/\" \/>\n<meta property=\"og:site_name\" content=\"IYQ 2025\" \/>\n<meta property=\"article:publisher\" content=\"https:\/\/www.facebook.com\/quantumyear2025\" \/>\n<meta property=\"article:modified_time\" content=\"2025-05-16T10:15:54+00:00\" \/>\n<meta property=\"og:image\" content=\"https:\/\/quantum2025.org\/wp-content\/uploads\/2025\/02\/54307687588_d83cc8c77d_o-1024x683.jpg\" \/>\n\t<meta property=\"og:image:width\" content=\"1024\" \/>\n\t<meta property=\"og:image:height\" content=\"683\" \/>\n\t<meta property=\"og:image:type\" content=\"image\/jpeg\" \/>\n<meta name=\"twitter:card\" content=\"summary_large_image\" \/>\n<meta name=\"twitter:site\" content=\"@QuantumYear2025\" \/>\n<meta name=\"twitter:label1\" content=\"Est. reading time\" \/>\n\t<meta name=\"twitter:data1\" content=\"11 minutes\" \/>\n<script type=\"application\/ld+json\" class=\"yoast-schema-graph\">{\"@context\":\"https:\\\/\\\/schema.org\",\"@graph\":[{\"@type\":\"WebPage\",\"@id\":\"https:\\\/\\\/quantum2025.org\\\/fr\\\/news-link\\\/lannee-internationale-du-quantum-allumer-les-possibilites-accelerer-lavenir\\\/\",\"url\":\"https:\\\/\\\/quantum2025.org\\\/fr\\\/news-link\\\/lannee-internationale-du-quantum-allumer-les-possibilites-accelerer-lavenir\\\/\",\"name\":\"L'ann\u00e9e internationale du quantum : Allumer les possibilit\u00e9s, acc\u00e9l\u00e9rer l'avenir - IYQ 2025\",\"isPartOf\":{\"@id\":\"https:\\\/\\\/quantum2025.org\\\/#website\"},\"primaryImageOfPage\":{\"@id\":\"https:\\\/\\\/quantum2025.org\\\/fr\\\/news-link\\\/lannee-internationale-du-quantum-allumer-les-possibilites-accelerer-lavenir\\\/#primaryimage\"},\"image\":{\"@id\":\"https:\\\/\\\/quantum2025.org\\\/fr\\\/news-link\\\/lannee-internationale-du-quantum-allumer-les-possibilites-accelerer-lavenir\\\/#primaryimage\"},\"thumbnailUrl\":\"https:\\\/\\\/quantum2025.org\\\/wp-content\\\/uploads\\\/2025\\\/02\\\/54307687588_d83cc8c77d_o.jpg\",\"datePublished\":\"2025-02-19T10:01:08+00:00\",\"dateModified\":\"2025-05-16T10:15:54+00:00\",\"description\":\"Insider Brief:L'Ann\u00e9e internationale de la quantique est un appel \u00e0 l'action, pas seulement une c\u00e9l\u00e9bration. Elle vise \u00e0 sensibiliser le public \u00e0 la science quantique, en garantissant l'accessibilit\u00e9 et l'engagement au-del\u00e0 du monde universitaire.La collaboration et l'inclusion sont essentielles pour l'avenir du quantique. La c\u00e9r\u00e9monie a renforc\u00e9 la n\u00e9cessit\u00e9 de partenariats interdisciplinaires, de progr\u00e8s it\u00e9ratifs et d'une participation accrue des industries et des communaut\u00e9s.L'\u00e9ducation et le d\u00e9veloppement de la main-d'\u0153uvre doivent \u00eatre prioritaires d\u00e8s maintenant. L'\u00e9ducation quantique de la maternelle \u00e0 la terminale et le recyclage des professionnels dans tous les domaines sont essentiels \u00e0 la construction d'un \u00e9cosyst\u00e8me solide et diversifi\u00e9.La responsabilit\u00e9 \u00e9thique et l'impact soci\u00e9tal doivent guider la croissance de la quantique. La responsabilit\u00e9 \u00e9thique et l'impact soci\u00e9tal doivent guider la croissance du quantique. Le domaine doit \u00e9quilibrer l'innovation avec la s\u00e9curit\u00e9, la durabilit\u00e9 et l'acc\u00e8s mondial \u00e9quitable, en veillant \u00e0 ce que le quantique profite \u00e0 l'humanit\u00e9 dans son ensemble.Cr\u00e9dit photo : UNESCO\\\/Marie ETCHEGOYEN\",\"breadcrumb\":{\"@id\":\"https:\\\/\\\/quantum2025.org\\\/fr\\\/news-link\\\/lannee-internationale-du-quantum-allumer-les-possibilites-accelerer-lavenir\\\/#breadcrumb\"},\"inLanguage\":\"fr-FR\",\"potentialAction\":[{\"@type\":\"ReadAction\",\"target\":[\"https:\\\/\\\/quantum2025.org\\\/fr\\\/news-link\\\/lannee-internationale-du-quantum-allumer-les-possibilites-accelerer-lavenir\\\/\"]}]},{\"@type\":\"ImageObject\",\"inLanguage\":\"fr-FR\",\"@id\":\"https:\\\/\\\/quantum2025.org\\\/fr\\\/news-link\\\/lannee-internationale-du-quantum-allumer-les-possibilites-accelerer-lavenir\\\/#primaryimage\",\"url\":\"https:\\\/\\\/quantum2025.org\\\/wp-content\\\/uploads\\\/2025\\\/02\\\/54307687588_d83cc8c77d_o.jpg\",\"contentUrl\":\"https:\\\/\\\/quantum2025.org\\\/wp-content\\\/uploads\\\/2025\\\/02\\\/54307687588_d83cc8c77d_o.jpg\",\"width\":8192,\"height\":5464},{\"@type\":\"BreadcrumbList\",\"@id\":\"https:\\\/\\\/quantum2025.org\\\/fr\\\/news-link\\\/lannee-internationale-du-quantum-allumer-les-possibilites-accelerer-lavenir\\\/#breadcrumb\",\"itemListElement\":[{\"@type\":\"ListItem\",\"position\":1,\"name\":\"Home\",\"item\":\"https:\\\/\\\/quantum2025.org\\\/fr\\\/page-daccueil-2\\\/\"},{\"@type\":\"ListItem\",\"position\":2,\"name\":\"News External Links\",\"item\":\"https:\\\/\\\/quantum2025.org\\\/news-post\\\/\"},{\"@type\":\"ListItem\",\"position\":3,\"name\":\"L&rsquo;ann\u00e9e internationale du quantum : Allumer les possibilit\u00e9s, acc\u00e9l\u00e9rer l&rsquo;avenir\"}]},{\"@type\":\"WebSite\",\"@id\":\"https:\\\/\\\/quantum2025.org\\\/#website\",\"url\":\"https:\\\/\\\/quantum2025.org\\\/\",\"name\":\"IYQ 2025\",\"description\":\"International Year of Quantum\",\"potentialAction\":[{\"@type\":\"SearchAction\",\"target\":{\"@type\":\"EntryPoint\",\"urlTemplate\":\"https:\\\/\\\/quantum2025.org\\\/?s={search_term_string}\"},\"query-input\":{\"@type\":\"PropertyValueSpecification\",\"valueRequired\":true,\"valueName\":\"search_term_string\"}}],\"inLanguage\":\"fr-FR\"}]}<\/script>\n<!-- \/ Yoast SEO plugin. -->","yoast_head_json":{"title":"L'ann\u00e9e internationale du quantum : Allumer les possibilit\u00e9s, acc\u00e9l\u00e9rer l'avenir - IYQ 2025","description":"Insider Brief:L'Ann\u00e9e internationale de la quantique est un appel \u00e0 l'action, pas seulement une c\u00e9l\u00e9bration. Elle vise \u00e0 sensibiliser le public \u00e0 la science quantique, en garantissant l'accessibilit\u00e9 et l'engagement au-del\u00e0 du monde universitaire.La collaboration et l'inclusion sont essentielles pour l'avenir du quantique. La c\u00e9r\u00e9monie a renforc\u00e9 la n\u00e9cessit\u00e9 de partenariats interdisciplinaires, de progr\u00e8s it\u00e9ratifs et d'une participation accrue des industries et des communaut\u00e9s.L'\u00e9ducation et le d\u00e9veloppement de la main-d'\u0153uvre doivent \u00eatre prioritaires d\u00e8s maintenant. L'\u00e9ducation quantique de la maternelle \u00e0 la terminale et le recyclage des professionnels dans tous les domaines sont essentiels \u00e0 la construction d'un \u00e9cosyst\u00e8me solide et diversifi\u00e9.La responsabilit\u00e9 \u00e9thique et l'impact soci\u00e9tal doivent guider la croissance de la quantique. La responsabilit\u00e9 \u00e9thique et l'impact soci\u00e9tal doivent guider la croissance du quantique. Le domaine doit \u00e9quilibrer l'innovation avec la s\u00e9curit\u00e9, la durabilit\u00e9 et l'acc\u00e8s mondial \u00e9quitable, en veillant \u00e0 ce que le quantique profite \u00e0 l'humanit\u00e9 dans son ensemble.Cr\u00e9dit photo : UNESCO\/Marie ETCHEGOYEN","robots":{"index":"index","follow":"follow","max-snippet":"max-snippet:-1","max-image-preview":"max-image-preview:large","max-video-preview":"max-video-preview:-1"},"og_locale":"fr_FR","og_type":"article","og_title":"L'ann\u00e9e internationale du quantum : Allumer les possibilit\u00e9s, acc\u00e9l\u00e9rer l'avenir - IYQ 2025","og_description":"Insider Brief:L'Ann\u00e9e internationale de la quantique est un appel \u00e0 l'action, pas seulement une c\u00e9l\u00e9bration. Elle vise \u00e0 sensibiliser le public \u00e0 la science quantique, en garantissant l'accessibilit\u00e9 et l'engagement au-del\u00e0 du monde universitaire.La collaboration et l'inclusion sont essentielles pour l'avenir du quantique. La c\u00e9r\u00e9monie a renforc\u00e9 la n\u00e9cessit\u00e9 de partenariats interdisciplinaires, de progr\u00e8s it\u00e9ratifs et d'une participation accrue des industries et des communaut\u00e9s.L'\u00e9ducation et le d\u00e9veloppement de la main-d'\u0153uvre doivent \u00eatre prioritaires d\u00e8s maintenant. L'\u00e9ducation quantique de la maternelle \u00e0 la terminale et le recyclage des professionnels dans tous les domaines sont essentiels \u00e0 la construction d'un \u00e9cosyst\u00e8me solide et diversifi\u00e9.La responsabilit\u00e9 \u00e9thique et l'impact soci\u00e9tal doivent guider la croissance de la quantique. La responsabilit\u00e9 \u00e9thique et l'impact soci\u00e9tal doivent guider la croissance du quantique. Le domaine doit \u00e9quilibrer l'innovation avec la s\u00e9curit\u00e9, la durabilit\u00e9 et l'acc\u00e8s mondial \u00e9quitable, en veillant \u00e0 ce que le quantique profite \u00e0 l'humanit\u00e9 dans son ensemble.Cr\u00e9dit photo : UNESCO\/Marie ETCHEGOYEN","og_url":"https:\/\/quantum2025.org\/fr\/news-link\/lannee-internationale-du-quantum-allumer-les-possibilites-accelerer-lavenir\/","og_site_name":"IYQ 2025","article_publisher":"https:\/\/www.facebook.com\/quantumyear2025","article_modified_time":"2025-05-16T10:15:54+00:00","og_image":[{"width":1024,"height":683,"url":"https:\/\/quantum2025.org\/wp-content\/uploads\/2025\/02\/54307687588_d83cc8c77d_o-1024x683.jpg","type":"image\/jpeg"}],"twitter_card":"summary_large_image","twitter_site":"@QuantumYear2025","twitter_misc":{"Est. reading time":"11 minutes"},"schema":{"@context":"https:\/\/schema.org","@graph":[{"@type":"WebPage","@id":"https:\/\/quantum2025.org\/fr\/news-link\/lannee-internationale-du-quantum-allumer-les-possibilites-accelerer-lavenir\/","url":"https:\/\/quantum2025.org\/fr\/news-link\/lannee-internationale-du-quantum-allumer-les-possibilites-accelerer-lavenir\/","name":"L'ann\u00e9e internationale du quantum : Allumer les possibilit\u00e9s, acc\u00e9l\u00e9rer l'avenir - IYQ 2025","isPartOf":{"@id":"https:\/\/quantum2025.org\/#website"},"primaryImageOfPage":{"@id":"https:\/\/quantum2025.org\/fr\/news-link\/lannee-internationale-du-quantum-allumer-les-possibilites-accelerer-lavenir\/#primaryimage"},"image":{"@id":"https:\/\/quantum2025.org\/fr\/news-link\/lannee-internationale-du-quantum-allumer-les-possibilites-accelerer-lavenir\/#primaryimage"},"thumbnailUrl":"https:\/\/quantum2025.org\/wp-content\/uploads\/2025\/02\/54307687588_d83cc8c77d_o.jpg","datePublished":"2025-02-19T10:01:08+00:00","dateModified":"2025-05-16T10:15:54+00:00","description":"Insider Brief:L'Ann\u00e9e internationale de la quantique est un appel \u00e0 l'action, pas seulement une c\u00e9l\u00e9bration. Elle vise \u00e0 sensibiliser le public \u00e0 la science quantique, en garantissant l'accessibilit\u00e9 et l'engagement au-del\u00e0 du monde universitaire.La collaboration et l'inclusion sont essentielles pour l'avenir du quantique. La c\u00e9r\u00e9monie a renforc\u00e9 la n\u00e9cessit\u00e9 de partenariats interdisciplinaires, de progr\u00e8s it\u00e9ratifs et d'une participation accrue des industries et des communaut\u00e9s.L'\u00e9ducation et le d\u00e9veloppement de la main-d'\u0153uvre doivent \u00eatre prioritaires d\u00e8s maintenant. L'\u00e9ducation quantique de la maternelle \u00e0 la terminale et le recyclage des professionnels dans tous les domaines sont essentiels \u00e0 la construction d'un \u00e9cosyst\u00e8me solide et diversifi\u00e9.La responsabilit\u00e9 \u00e9thique et l'impact soci\u00e9tal doivent guider la croissance de la quantique. La responsabilit\u00e9 \u00e9thique et l'impact soci\u00e9tal doivent guider la croissance du quantique. Le domaine doit \u00e9quilibrer l'innovation avec la s\u00e9curit\u00e9, la durabilit\u00e9 et l'acc\u00e8s mondial \u00e9quitable, en veillant \u00e0 ce que le quantique profite \u00e0 l'humanit\u00e9 dans son ensemble.Cr\u00e9dit photo : UNESCO\/Marie ETCHEGOYEN","breadcrumb":{"@id":"https:\/\/quantum2025.org\/fr\/news-link\/lannee-internationale-du-quantum-allumer-les-possibilites-accelerer-lavenir\/#breadcrumb"},"inLanguage":"fr-FR","potentialAction":[{"@type":"ReadAction","target":["https:\/\/quantum2025.org\/fr\/news-link\/lannee-internationale-du-quantum-allumer-les-possibilites-accelerer-lavenir\/"]}]},{"@type":"ImageObject","inLanguage":"fr-FR","@id":"https:\/\/quantum2025.org\/fr\/news-link\/lannee-internationale-du-quantum-allumer-les-possibilites-accelerer-lavenir\/#primaryimage","url":"https:\/\/quantum2025.org\/wp-content\/uploads\/2025\/02\/54307687588_d83cc8c77d_o.jpg","contentUrl":"https:\/\/quantum2025.org\/wp-content\/uploads\/2025\/02\/54307687588_d83cc8c77d_o.jpg","width":8192,"height":5464},{"@type":"BreadcrumbList","@id":"https:\/\/quantum2025.org\/fr\/news-link\/lannee-internationale-du-quantum-allumer-les-possibilites-accelerer-lavenir\/#breadcrumb","itemListElement":[{"@type":"ListItem","position":1,"name":"Home","item":"https:\/\/quantum2025.org\/fr\/page-daccueil-2\/"},{"@type":"ListItem","position":2,"name":"News External Links","item":"https:\/\/quantum2025.org\/news-post\/"},{"@type":"ListItem","position":3,"name":"L&rsquo;ann\u00e9e internationale du quantum : Allumer les possibilit\u00e9s, acc\u00e9l\u00e9rer l&rsquo;avenir"}]},{"@type":"WebSite","@id":"https:\/\/quantum2025.org\/#website","url":"https:\/\/quantum2025.org\/","name":"IYQ 2025","description":"International Year of Quantum","potentialAction":[{"@type":"SearchAction","target":{"@type":"EntryPoint","urlTemplate":"https:\/\/quantum2025.org\/?s={search_term_string}"},"query-input":{"@type":"PropertyValueSpecification","valueRequired":true,"valueName":"search_term_string"}}],"inLanguage":"fr-FR"}]}},"_links":{"self":[{"href":"https:\/\/quantum2025.org\/fr\/wp-json\/wp\/v2\/news-link\/6684","targetHints":{"allow":["GET"]}}],"collection":[{"href":"https:\/\/quantum2025.org\/fr\/wp-json\/wp\/v2\/news-link"}],"about":[{"href":"https:\/\/quantum2025.org\/fr\/wp-json\/wp\/v2\/types\/news-link"}],"wp:featuredmedia":[{"embeddable":true,"href":"https:\/\/quantum2025.org\/fr\/wp-json\/wp\/v2\/media\/4097"}],"wp:attachment":[{"href":"https:\/\/quantum2025.org\/fr\/wp-json\/wp\/v2\/media?parent=6684"}],"wp:term":[{"taxonomy":"keywords","embeddable":true,"href":"https:\/\/quantum2025.org\/fr\/wp-json\/wp\/v2\/keywords?post=6684"}],"curies":[{"name":"wp","href":"https:\/\/api.w.org\/{rel}","templated":true}]}}