{"id":6650,"date":"2025-02-24T18:25:43","date_gmt":"2025-02-24T18:25:43","guid":{"rendered":"https:\/\/quantum2025.org\/news-link\/23-janvier-2025-la-deuxieme-revolution-quantique-et-lordinateur-de-sissa-par-philippe-chomaz\/"},"modified":"2025-05-16T10:15:42","modified_gmt":"2025-05-16T10:15:42","slug":"23-janvier-2025-la-deuxieme-revolution-quantique-et-lordinateur-de-sissa-par-philippe-chomaz","status":"publish","type":"news-link","link":"https:\/\/quantum2025.org\/fr\/news-link\/23-janvier-2025-la-deuxieme-revolution-quantique-et-lordinateur-de-sissa-par-philippe-chomaz\/","title":{"rendered":"23 janvier 2025 : \u00ab\u00a0La deuxi\u00e8me r\u00e9volution quantique et l&rsquo;ordinateur de Sissa\u00a0\u00bb par Philippe Chomaz"},"content":{"rendered":"\n<h4 class=\"wp-block-heading has-text-align-center\"><em>Lancez l&rsquo;Ann\u00e9e internationale des quanta (AIV) avec Philippe Chomaz, directeur scientifique ex\u00e9cutif du d\u00e9partement de recherche fondamentale du CEA.<\/em><\/h4>\n\n<p>Lors de cet \u00e9v\u00e9nement sp\u00e9cial, le Dr Philippe Chomaz mettra en lumi\u00e8re la collaboration et l&rsquo;innovation mondiales dans le domaine de la science et de la technologie quantiques, avec une repr\u00e9sentation de l&rsquo;UNESCO pour en souligner l&rsquo;importance internationale.<\/p>\n\n<h3 class=\"wp-block-heading\"><strong><a href=\"https:\/\/youtu.be\/FIf7owq3t3w\" target=\"_blank\" rel=\"noreferrer noopener\">Disponible d\u00e8s maintenant : Enregistrement sur YouTube<\/a><\/strong><\/h3>\n\n<h3 class=\"wp-block-heading\"><strong><a href=\"https:\/\/drive.google.com\/file\/d\/1zqM-lLpsI71EfUScCah-OwnWChvuSLks\/view?usp=sharing\" target=\"_blank\" rel=\"noreferrer noopener\">Voir les diapositives :  [Slides_PhilippeChomaz]<\/a><\/strong><\/h3>\n\n<p><strong>Quand : <\/strong><strong>Jeudi 23 janvier 2025<\/strong><strong><\/strong><\/p>\n\n<p><strong>16:00 CET (10:00 EST)<\/strong><\/p>\n<div class=\"wp-block-image\">\n<figure class=\"aligncenter size-full\"><img fetchpriority=\"high\" decoding=\"async\" width=\"522\" height=\"516\" src=\"https:\/\/quantum2025.org\/wp-content\/uploads\/2025\/02\/PIC_PM46_PhilippeChomaz_IYQ.png\" alt=\"\" class=\"wp-image-4290\" srcset=\"https:\/\/quantum2025.org\/wp-content\/uploads\/2025\/02\/PIC_PM46_PhilippeChomaz_IYQ.png 522w, https:\/\/quantum2025.org\/wp-content\/uploads\/2025\/02\/PIC_PM46_PhilippeChomaz_IYQ-300x297.png 300w\" sizes=\"(max-width: 522px) 100vw, 522px\" \/><figcaption class=\"wp-element-caption\">Philippe Chomaz (PhD), directeur scientifique ex\u00e9cutif, d\u00e9partement de la recherche fondamentale au CEA.<\/figcaption><\/figure>\n<\/div>\n<h2 class=\"wp-block-heading\">Biographie<\/h2>\n\n<p>Philippe Chomaz est un \u00e9minent physicien sp\u00e9cialis\u00e9 dans la science nucl\u00e9aire, connu pour son leadership dans la recherche et son d\u00e9vouement \u00e0 la vulgarisation scientifique. Dipl\u00f4m\u00e9 de la prestigieuse \u00c9cole normale sup\u00e9rieure de la rue d&rsquo;Ulm \u00e0 Paris, il a obtenu son doctorat en physique nucl\u00e9aire th\u00e9orique \u00e0 l&rsquo;Universit\u00e9 Paris-Sud. Ses recherches portent sur l&rsquo;exploration des noyaux atomiques exotiques, le chaos quantique et les ph\u00e9nom\u00e8nes critiques dans les syst\u00e8mes nucl\u00e9aires.  <\/p>\n\n<p>M. Chomaz a \u00e9t\u00e9 directeur de l&rsquo;<em>Institut de recherche sur les lois fondamentales de l&rsquo;univers (IRFU)<\/em> au CEA (Commissariat \u00e0 l&rsquo;\u00e9nergie atomique), o\u00f9 il a dirig\u00e9 des projets majeurs et contribu\u00e9 \u00e0 faire progresser la physique nucl\u00e9aire tant sur le plan th\u00e9orique qu&rsquo;exp\u00e9rimental. Il a \u00e9galement jou\u00e9 un r\u00f4le important dans le d\u00e9veloppement d&rsquo;installations de recherche \u00e0 grande \u00e9chelle telles que GANIL et SPIRAL2. <\/p>\n\n<p>Au-del\u00e0 de ses contributions acad\u00e9miques, Philippe Chomaz est un d\u00e9fenseur de l&rsquo;engagement du public envers la science. Il a particip\u00e9 \u00e0 de nombreuses initiatives, notamment des conf\u00e9rences TEDx et des conf\u00e9rences publiques, o\u00f9 il d\u00e9mystifie des sujets complexes tels que la m\u00e9canique quantique et son impact r\u00e9volutionnaire sur la technologie et la soci\u00e9t\u00e9. <\/p>\n\n<h2 class=\"wp-block-heading\">R\u00e9sum\u00e9<\/h2>\n\n<p>La m\u00e9canique newtonienne, l&rsquo;\u00e9lectromagn\u00e9tisme maxwellien, la thermodynamique et l&rsquo;entropie de Clausius&#8230; En 1900, la physique \u00e9tait consid\u00e9r\u00e9e comme \u00e9l\u00e9gante et compl\u00e8te ! Lord Kelvin a fait la c\u00e9l\u00e8bre remarque, devant la Royal Institution of Great Britain, qu&rsquo;il ne restait que quelques \u00ab\u00a0petits nuages dans le ciel bleu de la physique\u00a0\u00bb.  <\/p>\n\n<p>Ces \u00ab\u00a0petits nuages\u00a0\u00bb se sont transform\u00e9s en temp\u00eates qui ont r\u00e9volutionn\u00e9 la physique au 20e si\u00e8cle. La premi\u00e8re temp\u00eate a r\u00e9v\u00e9l\u00e9 que la lumi\u00e8re est granulaire, compos\u00e9e de particules appel\u00e9es photons. La seconde a d\u00e9montr\u00e9 que les \u00e9lectrons dans les atomes se comportent comme des ondes. Le monde n&rsquo;est plus simple : il devient une dualit\u00e9 d&rsquo;ondes et de particules. L&rsquo;univers est entr\u00e9 dans le domaine quantique.    <\/p>\n\n<p>Cette r\u00e9volution quantique de la physique a fait entrer la soci\u00e9t\u00e9 dans l&rsquo;\u00e8re de l&rsquo;information au cours de la seconde moiti\u00e9 du 20e si\u00e8cle. La m\u00e9canique quantique a donn\u00e9 naissance au transistor et au laser, ouvrant la voie aux ordinateurs et \u00e0 la communication moderne. Soudain, tout est devenu possible : l&rsquo;internet, les algorithmes, l&rsquo;intelligence artificielle, etc.  <\/p>\n\n<p>Aujourd&rsquo;hui, des chercheurs du monde entier se pr\u00e9parent \u00e0 une troisi\u00e8me r\u00e9volution quantique, en tirant parti de propri\u00e9t\u00e9s quantiques extraordinaires telles que la superposition, la non-localit\u00e9 et l&rsquo;intrication. Les ordinateurs quantiques, les capteurs ultimes et la t\u00e9l\u00e9portation ouvriront-ils la bo\u00eete \u00e0 chat de Schr\u00f6dinger ? <\/p>\n\n<hr class=\"wp-block-separator has-alpha-channel-opacity\"\/>\n\n<p>Publi\u00e9 dans <a href=\"https:\/\/engage.aps.org\/fip\/blogs\/christine-marie-therese-darve1\/2024\/12\/10\/iyq\" target=\"_blank\" rel=\"noreferrer noopener\">APS News<\/a> <\/p>\n","protected":false},"featured_media":4024,"template":"","keywords":[],"class_list":["post-6650","news-link","type-news-link","status-publish","has-post-thumbnail","hentry"],"acf":[],"yoast_head":"<!-- This site is optimized with the Yoast SEO plugin v27.4 - https:\/\/yoast.com\/product\/yoast-seo-wordpress\/ -->\n<title>23 janvier 2025 : &quot;La deuxi\u00e8me r\u00e9volution quantique et l&#039;ordinateur de Sissa&quot; par Philippe Chomaz - IYQ 2025<\/title>\n<meta name=\"description\" content=\"Lancez l&#039;Ann\u00e9e internationale des quanta (AIV) avec Philippe Chomaz, directeur scientifique ex\u00e9cutif du d\u00e9partement de recherche fondamentale du CEA. Lors de cet \u00e9v\u00e9nement sp\u00e9cial, le Dr Philippe Chomaz mettra en lumi\u00e8re la collaboration et l&#039;innovation mondiales dans le domaine des sciences et technologies quantiques, avec une repr\u00e9sentation de l&#039;UNESCO pour en souligner l&#039;importance internationale.\" \/>\n<meta name=\"robots\" content=\"index, follow, max-snippet:-1, max-image-preview:large, max-video-preview:-1\" \/>\n<meta property=\"og:locale\" content=\"fr_FR\" \/>\n<meta property=\"og:type\" content=\"article\" \/>\n<meta property=\"og:title\" content=\"23 janvier 2025 : &quot;La deuxi\u00e8me r\u00e9volution quantique et l&#039;ordinateur de Sissa&quot; par Philippe Chomaz - IYQ 2025\" \/>\n<meta property=\"og:description\" content=\"Lancez l&#039;Ann\u00e9e internationale des quanta (AIV) avec Philippe Chomaz, directeur scientifique ex\u00e9cutif du d\u00e9partement de recherche fondamentale du CEA. Lors de cet \u00e9v\u00e9nement sp\u00e9cial, le Dr Philippe Chomaz mettra en lumi\u00e8re la collaboration et l&#039;innovation mondiales dans le domaine des sciences et technologies quantiques, avec une repr\u00e9sentation de l&#039;UNESCO pour en souligner l&#039;importance internationale.\" \/>\n<meta property=\"og:url\" content=\"https:\/\/quantum2025.org\/fr\/news-link\/23-janvier-2025-la-deuxieme-revolution-quantique-et-lordinateur-de-sissa-par-philippe-chomaz\/\" \/>\n<meta property=\"og:site_name\" content=\"IYQ 2025\" \/>\n<meta property=\"article:publisher\" content=\"https:\/\/www.facebook.com\/quantumyear2025\" \/>\n<meta property=\"article:modified_time\" content=\"2025-05-16T10:15:42+00:00\" \/>\n<meta property=\"og:image\" content=\"https:\/\/quantum2025.org\/wp-content\/uploads\/2025\/02\/PIC_PM46_PhilippeChomaz_IYQ.png\" \/>\n\t<meta property=\"og:image:width\" content=\"522\" \/>\n\t<meta property=\"og:image:height\" content=\"516\" \/>\n\t<meta property=\"og:image:type\" content=\"image\/png\" \/>\n<meta name=\"twitter:card\" content=\"summary_large_image\" \/>\n<meta name=\"twitter:site\" content=\"@QuantumYear2025\" \/>\n<meta name=\"twitter:label1\" content=\"Est. reading time\" \/>\n\t<meta name=\"twitter:data1\" content=\"3 minutes\" \/>\n<script type=\"application\/ld+json\" class=\"yoast-schema-graph\">{\"@context\":\"https:\\\/\\\/schema.org\",\"@graph\":[{\"@type\":\"WebPage\",\"@id\":\"https:\\\/\\\/quantum2025.org\\\/fr\\\/news-link\\\/23-janvier-2025-la-deuxieme-revolution-quantique-et-lordinateur-de-sissa-par-philippe-chomaz\\\/\",\"url\":\"https:\\\/\\\/quantum2025.org\\\/fr\\\/news-link\\\/23-janvier-2025-la-deuxieme-revolution-quantique-et-lordinateur-de-sissa-par-philippe-chomaz\\\/\",\"name\":\"23 janvier 2025 : \\\"La deuxi\u00e8me r\u00e9volution quantique et l'ordinateur de Sissa\\\" par Philippe Chomaz - IYQ 2025\",\"isPartOf\":{\"@id\":\"https:\\\/\\\/quantum2025.org\\\/#website\"},\"primaryImageOfPage\":{\"@id\":\"https:\\\/\\\/quantum2025.org\\\/fr\\\/news-link\\\/23-janvier-2025-la-deuxieme-revolution-quantique-et-lordinateur-de-sissa-par-philippe-chomaz\\\/#primaryimage\"},\"image\":{\"@id\":\"https:\\\/\\\/quantum2025.org\\\/fr\\\/news-link\\\/23-janvier-2025-la-deuxieme-revolution-quantique-et-lordinateur-de-sissa-par-philippe-chomaz\\\/#primaryimage\"},\"thumbnailUrl\":\"https:\\\/\\\/quantum2025.org\\\/wp-content\\\/uploads\\\/2025\\\/01\\\/shutterstock_1457191784.jpg\",\"datePublished\":\"2025-02-24T18:25:43+00:00\",\"dateModified\":\"2025-05-16T10:15:42+00:00\",\"description\":\"Lancez l'Ann\u00e9e internationale des quanta (AIV) avec Philippe Chomaz, directeur scientifique ex\u00e9cutif du d\u00e9partement de recherche fondamentale du CEA. Lors de cet \u00e9v\u00e9nement sp\u00e9cial, le Dr Philippe Chomaz mettra en lumi\u00e8re la collaboration et l'innovation mondiales dans le domaine des sciences et technologies quantiques, avec une repr\u00e9sentation de l'UNESCO pour en souligner l'importance internationale.\",\"breadcrumb\":{\"@id\":\"https:\\\/\\\/quantum2025.org\\\/fr\\\/news-link\\\/23-janvier-2025-la-deuxieme-revolution-quantique-et-lordinateur-de-sissa-par-philippe-chomaz\\\/#breadcrumb\"},\"inLanguage\":\"fr-FR\",\"potentialAction\":[{\"@type\":\"ReadAction\",\"target\":[\"https:\\\/\\\/quantum2025.org\\\/fr\\\/news-link\\\/23-janvier-2025-la-deuxieme-revolution-quantique-et-lordinateur-de-sissa-par-philippe-chomaz\\\/\"]}]},{\"@type\":\"ImageObject\",\"inLanguage\":\"fr-FR\",\"@id\":\"https:\\\/\\\/quantum2025.org\\\/fr\\\/news-link\\\/23-janvier-2025-la-deuxieme-revolution-quantique-et-lordinateur-de-sissa-par-philippe-chomaz\\\/#primaryimage\",\"url\":\"https:\\\/\\\/quantum2025.org\\\/wp-content\\\/uploads\\\/2025\\\/01\\\/shutterstock_1457191784.jpg\",\"contentUrl\":\"https:\\\/\\\/quantum2025.org\\\/wp-content\\\/uploads\\\/2025\\\/01\\\/shutterstock_1457191784.jpg\",\"width\":610,\"height\":356},{\"@type\":\"BreadcrumbList\",\"@id\":\"https:\\\/\\\/quantum2025.org\\\/fr\\\/news-link\\\/23-janvier-2025-la-deuxieme-revolution-quantique-et-lordinateur-de-sissa-par-philippe-chomaz\\\/#breadcrumb\",\"itemListElement\":[{\"@type\":\"ListItem\",\"position\":1,\"name\":\"Home\",\"item\":\"https:\\\/\\\/quantum2025.org\\\/fr\\\/page-daccueil-2\\\/\"},{\"@type\":\"ListItem\",\"position\":2,\"name\":\"News External Links\",\"item\":\"https:\\\/\\\/quantum2025.org\\\/news-post\\\/\"},{\"@type\":\"ListItem\",\"position\":3,\"name\":\"23 janvier 2025 : \u00abLa deuxi\u00e8me r\u00e9volution quantique et l&#8217;ordinateur de Sissa\u00bb par Philippe Chomaz\"}]},{\"@type\":\"WebSite\",\"@id\":\"https:\\\/\\\/quantum2025.org\\\/#website\",\"url\":\"https:\\\/\\\/quantum2025.org\\\/\",\"name\":\"IYQ 2025\",\"description\":\"International Year of Quantum\",\"potentialAction\":[{\"@type\":\"SearchAction\",\"target\":{\"@type\":\"EntryPoint\",\"urlTemplate\":\"https:\\\/\\\/quantum2025.org\\\/?s={search_term_string}\"},\"query-input\":{\"@type\":\"PropertyValueSpecification\",\"valueRequired\":true,\"valueName\":\"search_term_string\"}}],\"inLanguage\":\"fr-FR\"}]}<\/script>\n<!-- \/ Yoast SEO plugin. -->","yoast_head_json":{"title":"23 janvier 2025 : \"La deuxi\u00e8me r\u00e9volution quantique et l'ordinateur de Sissa\" par Philippe Chomaz - IYQ 2025","description":"Lancez l'Ann\u00e9e internationale des quanta (AIV) avec Philippe Chomaz, directeur scientifique ex\u00e9cutif du d\u00e9partement de recherche fondamentale du CEA. Lors de cet \u00e9v\u00e9nement sp\u00e9cial, le Dr Philippe Chomaz mettra en lumi\u00e8re la collaboration et l'innovation mondiales dans le domaine des sciences et technologies quantiques, avec une repr\u00e9sentation de l'UNESCO pour en souligner l'importance internationale.","robots":{"index":"index","follow":"follow","max-snippet":"max-snippet:-1","max-image-preview":"max-image-preview:large","max-video-preview":"max-video-preview:-1"},"og_locale":"fr_FR","og_type":"article","og_title":"23 janvier 2025 : \"La deuxi\u00e8me r\u00e9volution quantique et l'ordinateur de Sissa\" par Philippe Chomaz - IYQ 2025","og_description":"Lancez l'Ann\u00e9e internationale des quanta (AIV) avec Philippe Chomaz, directeur scientifique ex\u00e9cutif du d\u00e9partement de recherche fondamentale du CEA. Lors de cet \u00e9v\u00e9nement sp\u00e9cial, le Dr Philippe Chomaz mettra en lumi\u00e8re la collaboration et l'innovation mondiales dans le domaine des sciences et technologies quantiques, avec une repr\u00e9sentation de l'UNESCO pour en souligner l'importance internationale.","og_url":"https:\/\/quantum2025.org\/fr\/news-link\/23-janvier-2025-la-deuxieme-revolution-quantique-et-lordinateur-de-sissa-par-philippe-chomaz\/","og_site_name":"IYQ 2025","article_publisher":"https:\/\/www.facebook.com\/quantumyear2025","article_modified_time":"2025-05-16T10:15:42+00:00","og_image":[{"width":522,"height":516,"url":"https:\/\/quantum2025.org\/wp-content\/uploads\/2025\/02\/PIC_PM46_PhilippeChomaz_IYQ.png","type":"image\/png"}],"twitter_card":"summary_large_image","twitter_site":"@QuantumYear2025","twitter_misc":{"Est. reading time":"3 minutes"},"schema":{"@context":"https:\/\/schema.org","@graph":[{"@type":"WebPage","@id":"https:\/\/quantum2025.org\/fr\/news-link\/23-janvier-2025-la-deuxieme-revolution-quantique-et-lordinateur-de-sissa-par-philippe-chomaz\/","url":"https:\/\/quantum2025.org\/fr\/news-link\/23-janvier-2025-la-deuxieme-revolution-quantique-et-lordinateur-de-sissa-par-philippe-chomaz\/","name":"23 janvier 2025 : \"La deuxi\u00e8me r\u00e9volution quantique et l'ordinateur de Sissa\" par Philippe Chomaz - IYQ 2025","isPartOf":{"@id":"https:\/\/quantum2025.org\/#website"},"primaryImageOfPage":{"@id":"https:\/\/quantum2025.org\/fr\/news-link\/23-janvier-2025-la-deuxieme-revolution-quantique-et-lordinateur-de-sissa-par-philippe-chomaz\/#primaryimage"},"image":{"@id":"https:\/\/quantum2025.org\/fr\/news-link\/23-janvier-2025-la-deuxieme-revolution-quantique-et-lordinateur-de-sissa-par-philippe-chomaz\/#primaryimage"},"thumbnailUrl":"https:\/\/quantum2025.org\/wp-content\/uploads\/2025\/01\/shutterstock_1457191784.jpg","datePublished":"2025-02-24T18:25:43+00:00","dateModified":"2025-05-16T10:15:42+00:00","description":"Lancez l'Ann\u00e9e internationale des quanta (AIV) avec Philippe Chomaz, directeur scientifique ex\u00e9cutif du d\u00e9partement de recherche fondamentale du CEA. Lors de cet \u00e9v\u00e9nement sp\u00e9cial, le Dr Philippe Chomaz mettra en lumi\u00e8re la collaboration et l'innovation mondiales dans le domaine des sciences et technologies quantiques, avec une repr\u00e9sentation de l'UNESCO pour en souligner l'importance internationale.","breadcrumb":{"@id":"https:\/\/quantum2025.org\/fr\/news-link\/23-janvier-2025-la-deuxieme-revolution-quantique-et-lordinateur-de-sissa-par-philippe-chomaz\/#breadcrumb"},"inLanguage":"fr-FR","potentialAction":[{"@type":"ReadAction","target":["https:\/\/quantum2025.org\/fr\/news-link\/23-janvier-2025-la-deuxieme-revolution-quantique-et-lordinateur-de-sissa-par-philippe-chomaz\/"]}]},{"@type":"ImageObject","inLanguage":"fr-FR","@id":"https:\/\/quantum2025.org\/fr\/news-link\/23-janvier-2025-la-deuxieme-revolution-quantique-et-lordinateur-de-sissa-par-philippe-chomaz\/#primaryimage","url":"https:\/\/quantum2025.org\/wp-content\/uploads\/2025\/01\/shutterstock_1457191784.jpg","contentUrl":"https:\/\/quantum2025.org\/wp-content\/uploads\/2025\/01\/shutterstock_1457191784.jpg","width":610,"height":356},{"@type":"BreadcrumbList","@id":"https:\/\/quantum2025.org\/fr\/news-link\/23-janvier-2025-la-deuxieme-revolution-quantique-et-lordinateur-de-sissa-par-philippe-chomaz\/#breadcrumb","itemListElement":[{"@type":"ListItem","position":1,"name":"Home","item":"https:\/\/quantum2025.org\/fr\/page-daccueil-2\/"},{"@type":"ListItem","position":2,"name":"News External Links","item":"https:\/\/quantum2025.org\/news-post\/"},{"@type":"ListItem","position":3,"name":"23 janvier 2025 : \u00abLa deuxi\u00e8me r\u00e9volution quantique et l&#8217;ordinateur de Sissa\u00bb par Philippe Chomaz"}]},{"@type":"WebSite","@id":"https:\/\/quantum2025.org\/#website","url":"https:\/\/quantum2025.org\/","name":"IYQ 2025","description":"International Year of Quantum","potentialAction":[{"@type":"SearchAction","target":{"@type":"EntryPoint","urlTemplate":"https:\/\/quantum2025.org\/?s={search_term_string}"},"query-input":{"@type":"PropertyValueSpecification","valueRequired":true,"valueName":"search_term_string"}}],"inLanguage":"fr-FR"}]}},"_links":{"self":[{"href":"https:\/\/quantum2025.org\/fr\/wp-json\/wp\/v2\/news-link\/6650","targetHints":{"allow":["GET"]}}],"collection":[{"href":"https:\/\/quantum2025.org\/fr\/wp-json\/wp\/v2\/news-link"}],"about":[{"href":"https:\/\/quantum2025.org\/fr\/wp-json\/wp\/v2\/types\/news-link"}],"wp:featuredmedia":[{"embeddable":true,"href":"https:\/\/quantum2025.org\/fr\/wp-json\/wp\/v2\/media\/4024"}],"wp:attachment":[{"href":"https:\/\/quantum2025.org\/fr\/wp-json\/wp\/v2\/media?parent=6650"}],"wp:term":[{"taxonomy":"keywords","embeddable":true,"href":"https:\/\/quantum2025.org\/fr\/wp-json\/wp\/v2\/keywords?post=6650"}],"curies":[{"name":"wp","href":"https:\/\/api.w.org\/{rel}","templated":true}]}}