{"id":8522,"date":"2025-09-05T05:57:24","date_gmt":"2025-09-05T05:57:24","guid":{"rendered":"https:\/\/quantum2025.org\/news-link\/viendo-el-futuro-con-el-lente-de-la-cuanticas-guia-de-elena-yndurain-para-navegar-por-la-proxima-revolucion-tecnologica\/"},"modified":"2026-01-19T11:37:20","modified_gmt":"2026-01-19T11:37:20","slug":"viendo-el-futuro-con-el-lente-de-la-cuanticas-guia-de-elena-yndurain-para-navegar-por-la-proxima-revolucion-tecnologica","status":"publish","type":"news-link","link":"https:\/\/quantum2025.org\/es\/news-link\/viendo-el-futuro-con-el-lente-de-la-cuanticas-guia-de-elena-yndurain-para-navegar-por-la-proxima-revolucion-tecnologica\/","title":{"rendered":"Viendo el futuro con el lente de la cu\u00e1ntica: Gu\u00eda de Elena Yndurain para navegar por la pr\u00f3xima revoluci\u00f3n tecnol\u00f3gica"},"content":{"rendered":"\n<h4 class=\"wp-block-heading has-text-align-center\"><em>Entrevista a Elena Yndurain, estratega especializada en transformaci\u00f3n digital y tecnolog\u00edas emergentes, autora de libros, directora de producto en Microsoft, profesora honoraria en la Universidad Carlos III de Madrid, profesora adjunta e investigadora principal en tecnolog\u00edas cu\u00e1nticas en el IE Business School.  <\/em><\/h4>\n\n\n\n<p>En las \u00faltimas d\u00e9cadas, hemos sido testigos de una sorprendente ola de nuevas tecnolog\u00edas que han remodelado industrias, transformado nuestros hogares y cambiado nuestra forma de ver el mundo, desde el auge de Internet hasta los avances en inteligencia artificial. Ahora, se vislumbra otro avance revolucionario: la computaci\u00f3n cu\u00e1ntica. Durante mucho tiempo considerada como algo propio de la ciencia ficci\u00f3n, comentada en voz baja en c\u00edrculos acad\u00e9micos y objeto de especulaciones en art\u00edculos de opini\u00f3n, en los \u00faltimos a\u00f1os la computaci\u00f3n cu\u00e1ntica ha ido entrando silenciosamente en el mundo real. Las empresas, los gobiernos y los laboratorios de investigaci\u00f3n compiten ahora por explorar sus capacidades, desde la modelizaci\u00f3n del clima hasta el descubrimiento de f\u00e1rmacos. Y a la vanguardia de hacer que la computaci\u00f3n cu\u00e1ntica no solo sea comprensible, sino tambi\u00e9n aplicable, se encuentra la Dra. Elena Yndurain, visionaria tecnol\u00f3gica, profesora y autora del libro <a href=\"https:\/\/www.amazon.com\/-\/es\/Elena-Yndurain-ebook\/dp\/B0DV44ZPBR\" target=\"_blank\" rel=\"noreferrer noopener\"><em>Quantum Computing Strategy: Foundations and Applicability <\/em>(Estrategia de computaci\u00f3n cu\u00e1ntica: fundamentos y aplicabilidad)<\/a>.<br><\/p>\n\n\n\n<p>La carrera profesional de Elena comenz\u00f3 en el \u00e1mbito de la consultor\u00eda, antes de pasar a desempe\u00f1ar funciones en la industria, donde a menudo se le encomendaba la tarea de introducir nuevas tecnolog\u00edas en el mercado antes incluso de que la gente supiera que las quer\u00eda.<\/p>\n\n\n\n<blockquote class=\"wp-block-quote is-layout-flow wp-block-quote-is-layout-flow\">\n<p>\u00abEmpec\u00e9 con la web, la nube, las aplicaciones, los dispositivos m\u00f3viles y la inteligencia artificial, y cre\u00e9 nuevas categor\u00edas de productos basadas en cada nueva tecnolog\u00eda. Por ejemplo, cuando a\u00fan no exist\u00edan las aplicaciones, cre\u00e9 toda una categor\u00eda para vincular la investigaci\u00f3n y el desarrollo con el mercado. \u00bfC\u00f3mo se introduce este nuevo producto en el mercado? \u00bfC\u00f3mo se crea un mercado para \u00e9l? Yo cre\u00e9 todo el proceso\u00bb, aclara Elena. <\/p>\n<\/blockquote>\n\n\n<div class=\"wp-block-image\">\n<figure class=\"alignright size-large is-resized\"><img fetchpriority=\"high\" decoding=\"async\" width=\"684\" height=\"1024\" src=\"https:\/\/quantum2025.org\/wp-content\/uploads\/2025\/09\/Elena1-684x1024.jpg\" alt=\"\" class=\"wp-image-8342\" style=\"width:327px;height:auto\" srcset=\"https:\/\/quantum2025.org\/wp-content\/uploads\/2025\/09\/Elena1-684x1024.jpg 684w, https:\/\/quantum2025.org\/wp-content\/uploads\/2025\/09\/Elena1-200x300.jpg 200w, https:\/\/quantum2025.org\/wp-content\/uploads\/2025\/09\/Elena1-768x1151.jpg 768w, https:\/\/quantum2025.org\/wp-content\/uploads\/2025\/09\/Elena1-1025x1536.jpg 1025w, https:\/\/quantum2025.org\/wp-content\/uploads\/2025\/09\/Elena1-1367x2048.jpg 1367w, https:\/\/quantum2025.org\/wp-content\/uploads\/2025\/09\/Elena1-scaled.jpg 1709w\" sizes=\"(max-width: 684px) 100vw, 684px\" \/><\/figure>\n<\/div>\n\n\n<h2 class=\"wp-block-heading\">C\u00f3mo detectar los agentes de cambio en sus inicios<\/h2>\n\n\n\n<p>A lo largo de una carrera que abarca d\u00e9cadas y continentes, Elena ha analizado las tecnolog\u00edas emergentes a medida que se desarrollaban en los laboratorios, imaginando sus posibles aplicaciones y tendiendo puentes entre la investigaci\u00f3n y la industria, un trabajo que exige una combinaci\u00f3n poco habitual de conocimientos t\u00e9cnicos, perspicacia empresarial y una gran dosis de imaginaci\u00f3n.<\/p>\n\n\n\n<blockquote class=\"wp-block-quote is-layout-flow wp-block-quote-is-layout-flow\">\n<p>\u00abLo m\u00e1s emocionante era imaginar lo que se pod\u00eda hacer con una tecnolog\u00eda concreta. Ten\u00eda que imaginar lo que la gente podr\u00eda hacer, pensar en las posibilidades\u00bb, explica Elena con entusiasmo.<\/p>\n<\/blockquote>\n\n\n\n<p>Sin embargo, por muy fascinante que fuera su papel en el \u00e1mbito tecnol\u00f3gico, a menudo se encontraba nadando contra corriente. \u00abCuando lanzamos las aplicaciones, fue un trabajo un poco solitario, en el sentido de que nadie entend\u00eda lo que yo estaba haciendo\u00bb. A lo largo de sus a\u00f1os en el sector, Elena fue testigo de c\u00f3mo los gigantes de la industria rechazaban innovaciones que pronto redefinir\u00edan mercados enteros, momentos en los que el futuro llamaba a la puerta, pero pocos reconoc\u00edan el sonido.<\/p>\n\n\n\n<blockquote class=\"wp-block-quote is-layout-flow wp-block-quote-is-layout-flow\">\n<p>\u00abTengo una lista de famosas \u00faltimas palabras de grandes empresas, como <em>nadie va a utilizar la nube<\/em> o <em>\u00bfpara qu\u00e9 queremos una aplicaci\u00f3n?<\/em> Mucha gente no entend\u00eda que el <em>smartphone<\/em> ten\u00eda que ver con las aplicaciones. <span style=\"box-sizing: border-box; margin: 0px; padding: 0px;\">Recuerdo que cuando trabajaba con Nokia, me preguntaron: \u00bb <em>\u00bfCu\u00e1ntos tel\u00e9fonos vamos a vender?<\/em><\/span> Y yo les dec\u00eda,\u00bb <em>no se trata de vender a corto plazo, sino de vender aplicaciones<\/em>\u00ab\u00bb.<\/p>\n<\/blockquote>\n\n\n\n<h2 class=\"wp-block-heading\">Identificando la pr\u00f3xima gran innovaci\u00f3n<\/h2>\n\n\n\n<p>El primer encuentro de Elena con la computaci\u00f3n cu\u00e1ntica fue igualmente visionario: \u00abCuando IBM abri\u00f3 la nube para su ordenador cu\u00e1ntico en 2016, recuerdo haber pensado: \u00ab<em>Esto es el futuro, esta es la nueva tecnolog\u00eda<\/em>\u00ab\u00bb.<\/p>\n\n\n\n<p>Para desarrollar plenamente una visi\u00f3n clara, Elena se propuso profundizar su comprensi\u00f3n de las tecnolog\u00edas cu\u00e1nticas, aun sabiendo que ello exig\u00eda una s\u00f3lida base en f\u00edsica. Abord\u00f3 este reto con humildad, iniciativa y un compromiso inquebrantable con el aprendizaje continuo.  <\/p>\n\n\n\n<blockquote class=\"wp-block-quote is-layout-flow wp-block-quote-is-layout-flow\">\n<p>\u00abPens\u00e9: <em>tengo que entender esto<\/em>; as\u00ed que le\u00ed libros, hice cursos&#8230; Cuando trabajaba [como profesor] en la IE Business School, cre\u00e9 un curso para impartir y esa experiencia me oblig\u00f3 a comprenderlo en profundidad\u00bb.<\/p>\n<\/blockquote>\n\n\n\n<h2 class=\"wp-block-heading\">De una ni\u00f1a precoz con ganas de aprender a l\u00edder mundial en computaci\u00f3n cu\u00e1ntica en IBM<\/h2>\n\n\n\n<p>Con solo 11 a\u00f1os, la madre de Elena la inscribi\u00f3 en un curso de programaci\u00f3n inform\u00e1tica de verano. Era la alumna m\u00e1s joven de una clase en la que incluso hab\u00eda estudiantes universitarios. Ese primer encuentro con la capacidad de un ordenador para seguir sus instrucciones despert\u00f3 en ella una pasi\u00f3n que la llev\u00f3 a destacar en inform\u00e1tica, a estudiar matem\u00e1ticas como doble especialidad en la Universidad de Michigan, a realizar posteriormente un doctorado centrado en la inteligencia artificial y, finalmente, a convertirse en pionera en la industria de la computaci\u00f3n cu\u00e1ntica, dando forma al futuro de la tecnolog\u00eda en IBM.<\/p>\n\n\n\n<blockquote class=\"wp-block-quote is-layout-flow wp-block-quote-is-layout-flow\">\n<p>\u00abCuando IBM estaba creando su equipo de investigaci\u00f3n en tecnolog\u00edas cu\u00e1nticas, se pusieron en contacto conmigo porque necesitaban a alguien con experiencia en el \u00e1mbito empresarial. En aquel momento, el grupo estaba formado por una mezcla de investigadores e ingenieros, pero carec\u00edan de personas que entendieran el lado empresarial. Y por eso me un\u00ed al equipo\u00bb.<\/p>\n<\/blockquote>\n\n\n\n<p>Durante su etapa en IBM, dise\u00f1\u00f3 una forma innovadora de priorizar los casos de uso mediante el seguimiento de la evoluci\u00f3n de sus algoritmos cu\u00e1nticos subyacentes, trazando lo que podr\u00edan lograr con el tiempo y prediciendo el momento en que podr\u00edan superar a la inform\u00e1tica cl\u00e1sica. Su m\u00e9todo tambi\u00e9n sopesaba si cada algoritmo requerir\u00eda m\u00e1quinas tolerantes a fallos o si podr\u00eda seguir ofreciendo resultados a pesar del inevitable \u00abruido\u00bb de los sistemas cu\u00e1nticos actuales. Este marco prospectivo proporcion\u00f3 a las organizaciones una v\u00eda clara y estrat\u00e9gica para decidir qu\u00e9 proyectos cu\u00e1nticos llevar a cabo y cu\u00e1ndo.  <\/p>\n\n\n<div class=\"wp-block-image\">\n<figure class=\"aligncenter size-full is-resized\"><img decoding=\"async\" width=\"768\" height=\"1024\" data-src=\"https:\/\/quantum2025.org\/wp-content\/uploads\/2025\/09\/Elena7.jpeg\" alt=\"\" class=\"wp-image-8345 lazyload\" style=\"--smush-placeholder-width: 768px; --smush-placeholder-aspect-ratio: 768\/1024;width:621px;height:auto\" data-srcset=\"https:\/\/quantum2025.org\/wp-content\/uploads\/2025\/09\/Elena7.jpeg 768w, https:\/\/quantum2025.org\/wp-content\/uploads\/2025\/09\/Elena7-225x300.jpeg 225w\" data-sizes=\"(max-width: 768px) 100vw, 768px\" src=\"data:image\/svg+xml;base64,PHN2ZyB3aWR0aD0iMSIgaGVpZ2h0PSIxIiB4bWxucz0iaHR0cDovL3d3dy53My5vcmcvMjAwMC9zdmciPjwvc3ZnPg==\" \/><\/figure>\n<\/div>\n\n\n<blockquote class=\"wp-block-quote is-layout-flow wp-block-quote-is-layout-flow\">\n<p>\u00abEn IBM, trabaj\u00e9 con una empresa financiera en la elaboraci\u00f3n de un mapa de sus aplicaciones a los problemas de la industria, ayud\u00e1ndoles a priorizarlos. Por lo general, las empresas no tienen el tiempo ni los recursos para probar todas las ideas, por lo que se me ocurri\u00f3 un m\u00e9todo flexible para clasificarlas. Cre\u00e9 un gr\u00e1fico en el que el eje X representaba el tiempo y el eje Y med\u00eda la ventaja cu\u00e1ntica [el punto de inflexi\u00f3n en el que los ordenadores cu\u00e1nticos superan a los sistemas cl\u00e1sicos en tareas espec\u00edficas]\u00bb.<\/p>\n<\/blockquote>\n\n\n\n<p>Introducir una tecnolog\u00eda disruptiva como la computaci\u00f3n cu\u00e1ntica en el mercado requiere algo m\u00e1s que conocimientos t\u00e9cnicos: exige un profundo conocimiento de los clientes, sus necesidades y el valor que se les puede aportar. Elena aport\u00f3 precisamente esa capacidad, combinando curiosidad, humildad y una mentalidad global, con la habilidad de adaptar las soluciones a las circunstancias \u00fanicas de cada cliente.<\/p>\n\n\n\n<h2 class=\"wp-block-heading\">Educar a la pr\u00f3xima generaci\u00f3n y hacer accesible la f\u00edsica cu\u00e1ntica para todos<\/h2>\n\n\n\n<p>Polifac\u00e9tica y llena de energ\u00eda, la carrera de Elena abarca tanto la industria como el mundo acad\u00e9mico. Tambi\u00e9n es profesora en la Universidad Carlos III y en el IE Business School de Madrid, donde ense\u00f1a estrategias en tecnolog\u00eda, computaci\u00f3n cu\u00e1ntica y transformaci\u00f3n digital a ejecutivos, estudiantes de m\u00e1ster y estudiantes universitarios. Su filosof\u00eda docente se centra en hacer accesibles los conceptos abstractos, utilizando analog\u00edas del mundo real y aplicaciones industriales para tender puentes entre la teor\u00eda y la pr\u00e1ctica.<\/p>\n\n\n<div class=\"wp-block-image\">\n<figure class=\"alignright size-large is-resized\"><img decoding=\"async\" width=\"680\" height=\"1024\" data-src=\"https:\/\/quantum2025.org\/wp-content\/uploads\/2025\/09\/9781032275826_cover-680x1024.png\" alt=\"\" class=\"wp-image-8348 lazyload\" style=\"--smush-placeholder-width: 680px; --smush-placeholder-aspect-ratio: 680\/1024;width:326px;height:auto\" data-srcset=\"https:\/\/quantum2025.org\/wp-content\/uploads\/2025\/09\/9781032275826_cover-680x1024.png 680w, https:\/\/quantum2025.org\/wp-content\/uploads\/2025\/09\/9781032275826_cover-199x300.png 199w, https:\/\/quantum2025.org\/wp-content\/uploads\/2025\/09\/9781032275826_cover-768x1156.png 768w, https:\/\/quantum2025.org\/wp-content\/uploads\/2025\/09\/9781032275826_cover-1020x1536.png 1020w, https:\/\/quantum2025.org\/wp-content\/uploads\/2025\/09\/9781032275826_cover-1360x2048.png 1360w, https:\/\/quantum2025.org\/wp-content\/uploads\/2025\/09\/9781032275826_cover-scaled.png 1700w\" data-sizes=\"(max-width: 680px) 100vw, 680px\" src=\"data:image\/svg+xml;base64,PHN2ZyB3aWR0aD0iMSIgaGVpZ2h0PSIxIiB4bWxucz0iaHR0cDovL3d3dy53My5vcmcvMjAwMC9zdmciPjwvc3ZnPg==\" \/><\/figure>\n<\/div>\n\n\n<p>Por eso, conectar la ciencia compleja con el impacto en el mundo real es fundamental en el nuevo libro de Elena, <em>Estrategia de Computaci\u00f3n Cu\u00e1ntica: Fundamentos y Aplicabilidad<\/em>.  <\/p>\n\n\n\n<blockquote class=\"wp-block-quote is-layout-flow wp-block-quote-is-layout-flow\">\n<p>\u00abUn d\u00eda, un profesor de f\u00edsica cu\u00e1ntica me dijo: <em>deber\u00edas escribir un libro, necesitamos un libro que combine los negocios con la cu\u00e1ntica<\/em>; pens\u00f3 que yo era la persona adecuada para escribirlo\u00bb.  <\/p>\n<\/blockquote>\n\n\n\n<p>Escrito originalmente en un ingl\u00e9s no t\u00e9cnico, utilizando analog\u00edas, ayudas visuales y comparaciones con el mundo real para hacer accesible el material, su libro explica algoritmos cu\u00e1nticos esenciales, junto con res\u00famenes de modalidades de hardware y marcos de programaci\u00f3n. Categoriza los problemas m\u00e1s adecuados para la cu\u00e1ntica \u2014que abarcan simulaciones, optimizaci\u00f3n, IA y comunicaciones seguras\u2014 ayudando a los lectores a identificar casos de uso en sus propios sectores.<\/p>\n\n\n\n<blockquote class=\"wp-block-quote is-layout-flow wp-block-quote-is-layout-flow\">\n<p>\u00abMi libro no es solo para expertos en STEM, sino tambi\u00e9n para cualquier persona que sienta curiosidad por el potencial de la computaci\u00f3n cu\u00e1ntica: desde inversores, responsables de la toma de decisiones y responsables pol\u00edticos hasta educadores, profesionales de otros campos e incluso aquellos que se dedican a la tecnolog\u00eda y saben poco sobre cu\u00e1ntica\u00bb.<\/p>\n<\/blockquote>\n\n\n\n<p>El libro tambi\u00e9n explora c\u00f3mo la computaci\u00f3n cu\u00e1ntica puede abordar problemas espec\u00edficos en once sectores, como el aeroespacial, la eficiencia energ\u00e9tica y la agricultura.  <\/p>\n\n\n\n<h2 class=\"wp-block-heading\">La soledad de ser mujer en STEM<\/h2>\n\n\n\n<p>Ninguna entrevista con Elena estar\u00eda completa sin explorar su experiencia como mujer en el negocio de la tecnolog\u00eda. Desde sentirse aislada en equipos dominados por hombres hasta encontrarse con prejuicios en la contrataci\u00f3n y los ascensos, ha soportado y presenciado barreras persistentes. <\/p>\n\n\n\n<blockquote class=\"wp-block-quote is-layout-flow wp-block-quote-is-layout-flow\">\n<p>\u00abNosotras, como mujeres, nos enfrentamos a muchos retos en STEM. Como somos tan pocas, siempre es un poco dif\u00edcil crear v\u00ednculos o apoyos. A veces me siento aislada porque los equipos no nos consideran realmente con las mismas capacidades, pero lo que tambi\u00e9n he visto es que, a veces, son los hombres los que nos ayudan\u00bb, comenta Elena. \u00abEn el mundo acad\u00e9mico, est\u00e1 bastante mal; los estudiantes tienden a ser menos respetuosos. Adem\u00e1s, si eres mujer e intentas ser dura, piensan que est\u00e1s siendo demasiado dura, pero con los hombres no pasa nada\u00bb.<\/p>\n<\/blockquote>\n\n\n\n<p>En puestos de liderazgo, ha defendido la contrataci\u00f3n justa y la igualdad salarial para las mujeres, a menudo gui\u00e1ndolas en el arte de la negociaci\u00f3n. Destaca la importancia de los aliados:   <\/p>\n\n\n\n<blockquote class=\"wp-block-quote is-layout-flow wp-block-quote-is-layout-flow\">\n<p>\u00abUna vez, en una Startup, tuve que presionar mucho para que una mujer consiguiera el puesto que realmente merec\u00eda. Quer\u00edan contratarla para un puesto inferior al que justificaban sus cualificaciones. El comit\u00e9 quer\u00eda elegir en su lugar a un hombre con mucha menos experiencia. Hab\u00eda luchado por ello; hab\u00eda luchado mucho. Cuando era jefa de innovaci\u00f3n, contrat\u00e9 a muchas mujeres en el equipo, y siempre les ayud\u00e9 a pensar en su trayectoria profesional y a no ser t\u00edmidas y negociar para asegurarse de que consegu\u00edan lo mejor para ellas. S\u00e9 que las mujeres dudamos a la hora de negociar, creemos que no nos lo merecemos\u00bb.<\/p>\n<\/blockquote>\n\n\n\n<p>Si la carrera de Elena ense\u00f1a una lecci\u00f3n, es que el futuro pertenece a quienes est\u00e1n dispuestos a imaginarlo y luego trabajan duro para hacerlo realidad.<\/p>\n\n\n\n<p><\/p>\n","protected":false},"featured_media":8337,"template":"","keywords":[92],"class_list":["post-8522","news-link","type-news-link","status-publish","has-post-thumbnail","hentry","keywords-women-in-quantum"],"acf":[],"yoast_head":"<!-- This site is optimized with the Yoast SEO plugin v27.4 - https:\/\/yoast.com\/product\/yoast-seo-wordpress\/ -->\n<title>Viendo el futuro con el lente de la cu\u00e1ntica: Gu\u00eda de Elena Yndurain para navegar por la pr\u00f3xima revoluci\u00f3n tecnol\u00f3gica - IYQ 2025<\/title>\n<meta name=\"robots\" content=\"index, follow, max-snippet:-1, max-image-preview:large, max-video-preview:-1\" \/>\n<meta property=\"og:locale\" content=\"es_ES\" \/>\n<meta property=\"og:type\" content=\"article\" \/>\n<meta property=\"og:title\" content=\"Viendo el futuro con el lente de la cu\u00e1ntica: Gu\u00eda de Elena Yndurain para navegar por la pr\u00f3xima revoluci\u00f3n tecnol\u00f3gica - IYQ 2025\" \/>\n<meta property=\"og:description\" content=\"Entrevista a Elena Yndurain, estratega especializada en transformaci\u00f3n digital y tecnolog\u00edas emergentes, autora de libros, directora de producto en Microsoft, profesora honoraria en la Universidad Carlos III de Madrid, profesora adjunta e investigadora principal en tecnolog\u00edas cu\u00e1nticas en el IE Business School. En las \u00faltimas d\u00e9cadas, hemos sido testigos de una sorprendente ola de nuevas [&hellip;]\" \/>\n<meta property=\"og:url\" content=\"https:\/\/quantum2025.org\/es\/news-link\/viendo-el-futuro-con-el-lente-de-la-cuanticas-guia-de-elena-yndurain-para-navegar-por-la-proxima-revolucion-tecnologica\/\" \/>\n<meta property=\"og:site_name\" content=\"IYQ 2025\" \/>\n<meta property=\"article:publisher\" content=\"https:\/\/www.facebook.com\/quantumyear2025\" \/>\n<meta property=\"article:modified_time\" content=\"2026-01-19T11:37:20+00:00\" \/>\n<meta property=\"og:image\" content=\"https:\/\/quantum2025.org\/wp-content\/uploads\/2025\/09\/Featured1-e1757054193742.png\" \/>\n\t<meta property=\"og:image:width\" content=\"1200\" \/>\n\t<meta property=\"og:image:height\" content=\"628\" \/>\n\t<meta property=\"og:image:type\" content=\"image\/png\" \/>\n<meta name=\"twitter:card\" content=\"summary_large_image\" \/>\n<meta name=\"twitter:site\" content=\"@QuantumYear2025\" \/>\n<meta name=\"twitter:label1\" content=\"Est. reading time\" \/>\n\t<meta name=\"twitter:data1\" content=\"6 minutos\" \/>\n<script type=\"application\/ld+json\" class=\"yoast-schema-graph\">{\"@context\":\"https:\\\/\\\/schema.org\",\"@graph\":[{\"@type\":\"WebPage\",\"@id\":\"https:\\\/\\\/quantum2025.org\\\/es\\\/news-link\\\/viendo-el-futuro-con-el-lente-de-la-cuanticas-guia-de-elena-yndurain-para-navegar-por-la-proxima-revolucion-tecnologica\\\/\",\"url\":\"https:\\\/\\\/quantum2025.org\\\/es\\\/news-link\\\/viendo-el-futuro-con-el-lente-de-la-cuanticas-guia-de-elena-yndurain-para-navegar-por-la-proxima-revolucion-tecnologica\\\/\",\"name\":\"Viendo el futuro con el lente de la cu\u00e1ntica: Gu\u00eda de Elena Yndurain para navegar por la pr\u00f3xima revoluci\u00f3n tecnol\u00f3gica - IYQ 2025\",\"isPartOf\":{\"@id\":\"https:\\\/\\\/quantum2025.org\\\/#website\"},\"primaryImageOfPage\":{\"@id\":\"https:\\\/\\\/quantum2025.org\\\/es\\\/news-link\\\/viendo-el-futuro-con-el-lente-de-la-cuanticas-guia-de-elena-yndurain-para-navegar-por-la-proxima-revolucion-tecnologica\\\/#primaryimage\"},\"image\":{\"@id\":\"https:\\\/\\\/quantum2025.org\\\/es\\\/news-link\\\/viendo-el-futuro-con-el-lente-de-la-cuanticas-guia-de-elena-yndurain-para-navegar-por-la-proxima-revolucion-tecnologica\\\/#primaryimage\"},\"thumbnailUrl\":\"https:\\\/\\\/quantum2025.org\\\/wp-content\\\/uploads\\\/2025\\\/09\\\/Featured1-e1757054193742.png\",\"datePublished\":\"2025-09-05T05:57:24+00:00\",\"dateModified\":\"2026-01-19T11:37:20+00:00\",\"breadcrumb\":{\"@id\":\"https:\\\/\\\/quantum2025.org\\\/es\\\/news-link\\\/viendo-el-futuro-con-el-lente-de-la-cuanticas-guia-de-elena-yndurain-para-navegar-por-la-proxima-revolucion-tecnologica\\\/#breadcrumb\"},\"inLanguage\":\"es\",\"potentialAction\":[{\"@type\":\"ReadAction\",\"target\":[\"https:\\\/\\\/quantum2025.org\\\/es\\\/news-link\\\/viendo-el-futuro-con-el-lente-de-la-cuanticas-guia-de-elena-yndurain-para-navegar-por-la-proxima-revolucion-tecnologica\\\/\"]}]},{\"@type\":\"ImageObject\",\"inLanguage\":\"es\",\"@id\":\"https:\\\/\\\/quantum2025.org\\\/es\\\/news-link\\\/viendo-el-futuro-con-el-lente-de-la-cuanticas-guia-de-elena-yndurain-para-navegar-por-la-proxima-revolucion-tecnologica\\\/#primaryimage\",\"url\":\"https:\\\/\\\/quantum2025.org\\\/wp-content\\\/uploads\\\/2025\\\/09\\\/Featured1-e1757054193742.png\",\"contentUrl\":\"https:\\\/\\\/quantum2025.org\\\/wp-content\\\/uploads\\\/2025\\\/09\\\/Featured1-e1757054193742.png\",\"width\":1200,\"height\":628},{\"@type\":\"BreadcrumbList\",\"@id\":\"https:\\\/\\\/quantum2025.org\\\/es\\\/news-link\\\/viendo-el-futuro-con-el-lente-de-la-cuanticas-guia-de-elena-yndurain-para-navegar-por-la-proxima-revolucion-tecnologica\\\/#breadcrumb\",\"itemListElement\":[{\"@type\":\"ListItem\",\"position\":1,\"name\":\"Home\",\"item\":\"https:\\\/\\\/quantum2025.org\\\/\"},{\"@type\":\"ListItem\",\"position\":2,\"name\":\"News External Links\",\"item\":\"https:\\\/\\\/quantum2025.org\\\/news-post\\\/\"},{\"@type\":\"ListItem\",\"position\":3,\"name\":\"Viendo el futuro con el lente de la cu\u00e1ntica: Gu\u00eda de Elena Yndurain para navegar por la pr\u00f3xima revoluci\u00f3n tecnol\u00f3gica\"}]},{\"@type\":\"WebSite\",\"@id\":\"https:\\\/\\\/quantum2025.org\\\/#website\",\"url\":\"https:\\\/\\\/quantum2025.org\\\/\",\"name\":\"IYQ 2025\",\"description\":\"International Year of Quantum\",\"potentialAction\":[{\"@type\":\"SearchAction\",\"target\":{\"@type\":\"EntryPoint\",\"urlTemplate\":\"https:\\\/\\\/quantum2025.org\\\/?s={search_term_string}\"},\"query-input\":{\"@type\":\"PropertyValueSpecification\",\"valueRequired\":true,\"valueName\":\"search_term_string\"}}],\"inLanguage\":\"es\"}]}<\/script>\n<!-- \/ Yoast SEO plugin. -->","yoast_head_json":{"title":"Viendo el futuro con el lente de la cu\u00e1ntica: Gu\u00eda de Elena Yndurain para navegar por la pr\u00f3xima revoluci\u00f3n tecnol\u00f3gica - IYQ 2025","robots":{"index":"index","follow":"follow","max-snippet":"max-snippet:-1","max-image-preview":"max-image-preview:large","max-video-preview":"max-video-preview:-1"},"og_locale":"es_ES","og_type":"article","og_title":"Viendo el futuro con el lente de la cu\u00e1ntica: Gu\u00eda de Elena Yndurain para navegar por la pr\u00f3xima revoluci\u00f3n tecnol\u00f3gica - IYQ 2025","og_description":"Entrevista a Elena Yndurain, estratega especializada en transformaci\u00f3n digital y tecnolog\u00edas emergentes, autora de libros, directora de producto en Microsoft, profesora honoraria en la Universidad Carlos III de Madrid, profesora adjunta e investigadora principal en tecnolog\u00edas cu\u00e1nticas en el IE Business School. En las \u00faltimas d\u00e9cadas, hemos sido testigos de una sorprendente ola de nuevas [&hellip;]","og_url":"https:\/\/quantum2025.org\/es\/news-link\/viendo-el-futuro-con-el-lente-de-la-cuanticas-guia-de-elena-yndurain-para-navegar-por-la-proxima-revolucion-tecnologica\/","og_site_name":"IYQ 2025","article_publisher":"https:\/\/www.facebook.com\/quantumyear2025","article_modified_time":"2026-01-19T11:37:20+00:00","og_image":[{"width":1200,"height":628,"url":"https:\/\/quantum2025.org\/wp-content\/uploads\/2025\/09\/Featured1-e1757054193742.png","type":"image\/png"}],"twitter_card":"summary_large_image","twitter_site":"@QuantumYear2025","twitter_misc":{"Est. reading time":"6 minutos"},"schema":{"@context":"https:\/\/schema.org","@graph":[{"@type":"WebPage","@id":"https:\/\/quantum2025.org\/es\/news-link\/viendo-el-futuro-con-el-lente-de-la-cuanticas-guia-de-elena-yndurain-para-navegar-por-la-proxima-revolucion-tecnologica\/","url":"https:\/\/quantum2025.org\/es\/news-link\/viendo-el-futuro-con-el-lente-de-la-cuanticas-guia-de-elena-yndurain-para-navegar-por-la-proxima-revolucion-tecnologica\/","name":"Viendo el futuro con el lente de la cu\u00e1ntica: Gu\u00eda de Elena Yndurain para navegar por la pr\u00f3xima revoluci\u00f3n tecnol\u00f3gica - IYQ 2025","isPartOf":{"@id":"https:\/\/quantum2025.org\/#website"},"primaryImageOfPage":{"@id":"https:\/\/quantum2025.org\/es\/news-link\/viendo-el-futuro-con-el-lente-de-la-cuanticas-guia-de-elena-yndurain-para-navegar-por-la-proxima-revolucion-tecnologica\/#primaryimage"},"image":{"@id":"https:\/\/quantum2025.org\/es\/news-link\/viendo-el-futuro-con-el-lente-de-la-cuanticas-guia-de-elena-yndurain-para-navegar-por-la-proxima-revolucion-tecnologica\/#primaryimage"},"thumbnailUrl":"https:\/\/quantum2025.org\/wp-content\/uploads\/2025\/09\/Featured1-e1757054193742.png","datePublished":"2025-09-05T05:57:24+00:00","dateModified":"2026-01-19T11:37:20+00:00","breadcrumb":{"@id":"https:\/\/quantum2025.org\/es\/news-link\/viendo-el-futuro-con-el-lente-de-la-cuanticas-guia-de-elena-yndurain-para-navegar-por-la-proxima-revolucion-tecnologica\/#breadcrumb"},"inLanguage":"es","potentialAction":[{"@type":"ReadAction","target":["https:\/\/quantum2025.org\/es\/news-link\/viendo-el-futuro-con-el-lente-de-la-cuanticas-guia-de-elena-yndurain-para-navegar-por-la-proxima-revolucion-tecnologica\/"]}]},{"@type":"ImageObject","inLanguage":"es","@id":"https:\/\/quantum2025.org\/es\/news-link\/viendo-el-futuro-con-el-lente-de-la-cuanticas-guia-de-elena-yndurain-para-navegar-por-la-proxima-revolucion-tecnologica\/#primaryimage","url":"https:\/\/quantum2025.org\/wp-content\/uploads\/2025\/09\/Featured1-e1757054193742.png","contentUrl":"https:\/\/quantum2025.org\/wp-content\/uploads\/2025\/09\/Featured1-e1757054193742.png","width":1200,"height":628},{"@type":"BreadcrumbList","@id":"https:\/\/quantum2025.org\/es\/news-link\/viendo-el-futuro-con-el-lente-de-la-cuanticas-guia-de-elena-yndurain-para-navegar-por-la-proxima-revolucion-tecnologica\/#breadcrumb","itemListElement":[{"@type":"ListItem","position":1,"name":"Home","item":"https:\/\/quantum2025.org\/"},{"@type":"ListItem","position":2,"name":"News External Links","item":"https:\/\/quantum2025.org\/news-post\/"},{"@type":"ListItem","position":3,"name":"Viendo el futuro con el lente de la cu\u00e1ntica: Gu\u00eda de Elena Yndurain para navegar por la pr\u00f3xima revoluci\u00f3n tecnol\u00f3gica"}]},{"@type":"WebSite","@id":"https:\/\/quantum2025.org\/#website","url":"https:\/\/quantum2025.org\/","name":"IYQ 2025","description":"International Year of Quantum","potentialAction":[{"@type":"SearchAction","target":{"@type":"EntryPoint","urlTemplate":"https:\/\/quantum2025.org\/?s={search_term_string}"},"query-input":{"@type":"PropertyValueSpecification","valueRequired":true,"valueName":"search_term_string"}}],"inLanguage":"es"}]}},"_links":{"self":[{"href":"https:\/\/quantum2025.org\/es\/wp-json\/wp\/v2\/news-link\/8522","targetHints":{"allow":["GET"]}}],"collection":[{"href":"https:\/\/quantum2025.org\/es\/wp-json\/wp\/v2\/news-link"}],"about":[{"href":"https:\/\/quantum2025.org\/es\/wp-json\/wp\/v2\/types\/news-link"}],"wp:featuredmedia":[{"embeddable":true,"href":"https:\/\/quantum2025.org\/es\/wp-json\/wp\/v2\/media\/8337"}],"wp:attachment":[{"href":"https:\/\/quantum2025.org\/es\/wp-json\/wp\/v2\/media?parent=8522"}],"wp:term":[{"taxonomy":"keywords","embeddable":true,"href":"https:\/\/quantum2025.org\/es\/wp-json\/wp\/v2\/keywords?post=8522"}],"curies":[{"name":"wp","href":"https:\/\/api.w.org\/{rel}","templated":true}]}}