{"id":7181,"date":"2025-06-23T17:00:24","date_gmt":"2025-06-23T17:00:24","guid":{"rendered":"https:\/\/quantum2025.org\/news-link\/principio-del-mar-incierto-un-poema-cuantico-brillante-de-richard-blanco\/"},"modified":"2025-06-24T07:56:26","modified_gmt":"2025-06-24T07:56:26","slug":"principio-del-mar-incierto-un-poema-cuantico-brillante-de-richard-blanco","status":"publish","type":"news-link","link":"https:\/\/quantum2025.org\/es\/news-link\/principio-del-mar-incierto-un-poema-cuantico-brillante-de-richard-blanco\/","title":{"rendered":"Principio del Mar Incierto, un Poema Cu\u00e1ntico Brillante de Richard Blanco"},"content":{"rendered":"\n<p>\u00bfQu\u00e9 ocurre cuando la belleza del mundo cu\u00e1ntico se encuentra con el poder de la literatura? El\u00a0<a href=\"https:\/\/quantum2025.org\/es\/eventos-globales-iyq\/\" target=\"_blank\" rel=\"noreferrer noopener\"><strong>Concurso de Poes\u00eda Brillante (Cu\u00e1ntica<\/strong><\/a>) desaf\u00eda a poetas de todo el mundo a explorar precisamente eso. Este concurso internacional, \u00fanico, creado para celebrar el A\u00f1o Internacional de la Ciencia y la Tecnolog\u00eda Cu\u00e1nticas, invita al p\u00fablico general a expresar la ciencia cu\u00e1ntica en verso.<\/p>\n\n\n<div class=\"wp-block-image\">\n<figure class=\"alignright size-large is-resized\"><img fetchpriority=\"high\" decoding=\"async\" width=\"1024\" height=\"678\" src=\"https:\/\/quantum2025.org\/wp-content\/uploads\/2025\/06\/9959254503_571f766509_o-1024x678.jpg\" alt=\"\" class=\"wp-image-7163\" style=\"width:442px;height:auto\" srcset=\"https:\/\/quantum2025.org\/wp-content\/uploads\/2025\/06\/9959254503_571f766509_o-1024x678.jpg 1024w, https:\/\/quantum2025.org\/wp-content\/uploads\/2025\/06\/9959254503_571f766509_o-300x199.jpg 300w, https:\/\/quantum2025.org\/wp-content\/uploads\/2025\/06\/9959254503_571f766509_o-768x509.jpg 768w, https:\/\/quantum2025.org\/wp-content\/uploads\/2025\/06\/9959254503_571f766509_o-1536x1017.jpg 1536w, https:\/\/quantum2025.org\/wp-content\/uploads\/2025\/06\/9959254503_571f766509_o-2048x1356.jpg 2048w\" sizes=\"(max-width: 1024px) 100vw, 1024px\" \/><figcaption class=\"wp-element-caption\">El poeta Richard Blanco. Foto de USDA por Lance Cheung. <\/figcaption><\/figure>\n<\/div>\n\n\n<p>Organizado <a href=\"https:\/\/www.thebrilliantpoetry.com\/\" target=\"_blank\" rel=\"noreferrer noopener\">por The Brilliant Poetry Project<\/a>, la convocatoria de propuestas abri\u00f3 el 21 de marzo de este a\u00f1o y se cerrar\u00e1 la pr\u00f3xima semana, el 30 de junio. En este marco, y para inspirar a los entusiastas de la cu\u00e1ntica, el poeta e ingeniero Richard Blanco comparti\u00f3 su \u00abpoema estereosc\u00f3pico o contrapunt\u00edstico\u00bb, <em> Principio del Mar Incierto<\/em>, en honor a Werner Heisenberg, uno de los padres de la mec\u00e1nica cu\u00e1ntica. El autor se\u00f1ala que su texto puede leerse \u00abde m\u00e1s de una manera: de izquierda a derecha a trav\u00e9s de las dos columnas o leyendo primero una columna y luego la otra\u00bb.<\/p>\n\n\n\n<div style=\"height:69px\" aria-hidden=\"true\" class=\"wp-block-spacer\"><\/div>\n\n\n\n<h2 class=\"wp-block-heading has-text-align-center\">Principio del Mar Incierto<\/h2>\n\n\n\n<h4 class=\"wp-block-heading has-text-align-center\"><em>en honor a Werner Heisenberg<\/em><\/h4>\n\n\n\n<div class=\"wp-block-columns is-layout-flex wp-container-core-columns-is-layout-9d6595d7 wp-block-columns-is-layout-flex\">\n<div class=\"wp-block-column is-layout-flow wp-block-column-is-layout-flow\">\n<p class=\"has-text-align-right\"><strong>cuanto m\u00e1s intento medir <\/strong><strong><em>x<\/em><\/strong><\/p>\n\n\n\n<div style=\"height:50px\" aria-hidden=\"true\" class=\"wp-block-spacer\"><\/div>\n\n\n\n<p class=\"has-text-align-right\"><strong>cuanto m\u00e1s s\u00e9 d\u00f3nde estoy<\/strong><\/p>\n\n\n\n<p class=\"has-text-align-right\"><strong><em>garabateo mi nombre en la arena<\/em><\/strong><\/p>\n\n\n\n<div style=\"height:50px\" aria-hidden=\"true\" class=\"wp-block-spacer\"><\/div>\n\n\n\n<p class=\"has-text-align-right\"><strong>cuanto m\u00e1s s\u00e9 ad\u00f3nde voy<\/strong><\/p>\n\n\n\n<p class=\"has-text-align-right\"><strong><em>el reflujo de cada ola me seduce<\/em><\/strong><\/p>\n\n\n\n<div style=\"height:50px\" aria-hidden=\"true\" class=\"wp-block-spacer\"><\/div>\n\n\n\n<p class=\"has-text-align-right\"><strong>cuanto m\u00e1s s\u00e9 c\u00f3mo llegar<\/strong><\/p>\n\n\n\n<p class=\"has-text-align-right\"><strong><em>las luces de los cargueros arden en el horizonte<\/em><\/strong><\/p>\n\n\n\n<p class=\"has-text-align-right\"><strong><em>como candelabros flotando hacia el puerto<\/em><\/strong><\/p>\n\n\n\n<div style=\"height:50px\" aria-hidden=\"true\" class=\"wp-block-spacer\"><\/div>\n\n\n\n<p class=\"has-text-align-right\"><strong>cuanto m\u00e1s s\u00e9 cu\u00e1ndo llegar\u00e9<\/strong><\/p>\n\n\n\n<p class=\"has-text-align-right\"><strong><em>la marea sube a tiempo para besar la orilla<\/em><\/strong><\/p>\n\n\n\n<div style=\"height:50px\" aria-hidden=\"true\" class=\"wp-block-spacer\"><\/div>\n\n\n\n<p class=\"has-text-align-right\"><strong>cuanto menos intente resolver <\/strong><strong><em>y<\/em><\/strong><\/p>\n\n\n\n<div style=\"height:50px\" aria-hidden=\"true\" class=\"wp-block-spacer\"><\/div>\n\n\n\n<p class=\"has-text-align-right\"><strong>menos s\u00e9 d\u00f3nde estoy<\/strong><\/p>\n\n\n\n<p class=\"has-text-align-right\"><strong><em>el susurro de las palmeras protesta perder<\/em><\/strong><\/p>\n\n\n\n<p class=\"has-text-align-right\"><strong><em>su verdor a la oscuridad<\/em><\/strong><\/p>\n\n\n\n<div style=\"height:50px\" aria-hidden=\"true\" class=\"wp-block-spacer\"><\/div>\n\n\n\n<p class=\"has-text-align-right\"><strong>cuanto menos s\u00e9 d\u00f3nde he estado<\/strong><\/p>\n\n\n\n<p class=\"has-text-align-right\"><strong><em>el oc\u00e9ano se desvanece en el cielo de medianoche<\/em><\/strong><\/p>\n\n\n\n<div style=\"height:50px\" aria-hidden=\"true\" class=\"wp-block-spacer\"><\/div>\n\n\n\n<p class=\"has-text-align-right\"><strong>cuanto menos s\u00e9 qui\u00e9n puedo ser<\/strong><\/p>\n\n\n\n<p class=\"has-text-align-right\"><strong><em>se borra el horizonte en la cruda noche<\/em><\/strong><\/p>\n\n\n\n<div style=\"height:50px\" aria-hidden=\"true\" class=\"wp-block-spacer\"><\/div>\n\n\n\n<p class=\"has-text-align-right\"><strong>cuanto menos s\u00e9 qui\u00e9n soy<\/strong><\/p>\n\n\n\n<p class=\"has-text-align-right\"><strong><em>borro mi nombre con una oleada de<\/em><\/strong> <strong><em>mano<\/em><\/strong><\/p>\n\n\n\n<div style=\"height:50px\" aria-hidden=\"true\" class=\"wp-block-spacer\"><\/div>\n\n\n\n<p class=\"has-text-align-right\"><strong>cuanto m\u00e1s intento determinar mi <em>ser<\/em><\/strong><\/p>\n<\/div>\n\n\n\n<div class=\"wp-block-column is-layout-flow wp-block-column-is-layout-flow\">\n<p><strong> menos puedo medir <\/strong><strong><em>y<\/em><\/strong><\/p>\n\n\n\n<div style=\"height:50px\" aria-hidden=\"true\" class=\"wp-block-spacer\"><\/div>\n\n\n\n<p><strong>menos s\u00e9 ad\u00f3nde voy<\/strong><\/p>\n\n\n\n<p><strong><em>la luna anaranjada sale, se enfr\u00eda, desaparece<\/em><\/strong><\/p>\n\n\n\n<div style=\"height:50px\" aria-hidden=\"true\" class=\"wp-block-spacer\"><\/div>\n\n\n\n<p><strong>menos s\u00e9 c\u00f3mo llegar<\/strong><\/p>\n\n\n\n<p><strong><em>las siluetas de veleros duermen hasta<\/em><\/strong><em><strong> el alba<\/strong><\/em><\/p>\n\n\n\n<div style=\"height:50px\" aria-hidden=\"true\" class=\"wp-block-spacer\"><\/div>\n\n\n\n<p><strong>menos s\u00e9 cu\u00e1ndo llegar\u00e9<\/strong><\/p>\n\n\n\n<p><span><em style=\"font-weight: bold;\">la avena marina se mece al comp\u00e1s del viento<\/em><\/span><\/p>\n\n\n\n<p><strong><em>como p\u00e9ndulos invertidos de atemporalidad.<\/em><\/strong><\/p>\n\n\n\n<div style=\"height:50px\" aria-hidden=\"true\" class=\"wp-block-spacer\"><\/div>\n\n\n\n<p><strong>menos s\u00e9 d\u00f3nde estoy<\/strong><\/p>\n\n\n\n<p><strong><em>las gaviotas abandonan el mar noche tras noche<\/em><\/strong><\/p>\n\n\n\n<div style=\"height:50px\" aria-hidden=\"true\" class=\"wp-block-spacer\"><\/div>\n\n\n\n<p><strong>m\u00e1s puedo resolver <em>x<\/em><\/strong><\/p>\n\n\n\n<div style=\"height:50px\" aria-hidden=\"true\" class=\"wp-block-spacer\"><\/div>\n\n\n\n<p><strong>m\u00e1s s\u00e9 d\u00f3nde he estado<\/strong><\/p>\n\n\n\n<p><strong><em>el mar ofrece y se ofrece a la orilla<\/em><\/strong><\/p>\n\n\n\n<p><strong><em>pero vuelve una y otra vez sobre s\u00ed misma<\/em><\/strong><\/p>\n\n\n\n<div style=\"height:50px\" aria-hidden=\"true\" class=\"wp-block-spacer\"><\/div>\n\n\n\n<p><strong>m\u00e1s s\u00e9 qui\u00e9n puedo ser<\/strong><\/p>\n\n\n\n<p><strong><em>el cielo de medianoche se desvanece en el oc\u00e9ano<\/em><\/strong><\/p>\n\n\n\n<div style=\"height:50px\" aria-hidden=\"true\" class=\"wp-block-spacer\"><\/div>\n\n\n\n<p><strong>m\u00e1s s\u00e9 qui\u00e9n soy<\/strong><\/p>\n\n\n\n<p><strong><em>aun en la oscuridad, mis ojos crean nubes<\/em><\/strong><\/p>\n\n\n\n<div style=\"height:50px\" aria-hidden=\"true\" class=\"wp-block-spacer\"><\/div>\n\n\n\n<p><strong>m\u00e1s s\u00e9 que estoy, aqu\u00ed<\/strong><\/p>\n\n\n\n<p><strong><em>tomo un pu\u00f1ado de arena, respiro, escucho<\/em><\/strong><\/p>\n\n\n\n<div style=\"height:50px\" aria-hidden=\"true\" class=\"wp-block-spacer\"><\/div>\n\n\n\n<p><strong> menos puedo determinar<em> qui\u00e9n soy<\/em><\/strong><\/p>\n<\/div>\n<\/div>\n\n\n\n<h4 class=\"wp-block-heading\"><\/h4>\n\n\n\n<p>\u00ab<em>Principio del Mar Incierto<\/em> (Uncertain-Sea Principle)\u00bb fue tomado del libro <strong><em>Homeland of My Body: New and Selected Poems<\/em><\/strong> de Richard Blanco. Copyright \u00a9 2023 Richard Blanco. Usado con permiso de la editorial Beacon Press y de Richard Blanco. Traducci\u00f3n al espa\u00f1ol de Alexandra De Castro.<\/p>\n\n\n\n<p>Fotograf\u00eda editada por Alexandra De Castro.<\/p>\n","protected":false},"featured_media":7176,"template":"","keywords":[81],"class_list":["post-7181","news-link","type-news-link","status-publish","has-post-thumbnail","hentry","keywords-art-and-culture"],"acf":[],"yoast_head":"<!-- This site is optimized with the Yoast SEO plugin v27.4 - https:\/\/yoast.com\/product\/yoast-seo-wordpress\/ -->\n<title>Principio del Mar Incierto, un Poema Cu\u00e1ntico Brillante de Richard Blanco - IYQ 2025<\/title>\n<meta name=\"robots\" content=\"index, follow, max-snippet:-1, max-image-preview:large, max-video-preview:-1\" \/>\n<meta property=\"og:locale\" content=\"es_ES\" \/>\n<meta property=\"og:type\" content=\"article\" \/>\n<meta property=\"og:title\" content=\"Principio del Mar Incierto, un Poema Cu\u00e1ntico Brillante de Richard Blanco - IYQ 2025\" \/>\n<meta property=\"og:description\" content=\"\u00bfQu\u00e9 ocurre cuando la belleza del mundo cu\u00e1ntico se encuentra con el poder de la literatura? El\u00a0Concurso de Poes\u00eda Brillante (Cu\u00e1ntica) desaf\u00eda a poetas de todo el mundo a explorar precisamente eso. Este concurso internacional, \u00fanico, creado para celebrar el A\u00f1o Internacional de la Ciencia y la Tecnolog\u00eda Cu\u00e1nticas, invita al p\u00fablico general a expresar [&hellip;]\" \/>\n<meta property=\"og:url\" content=\"https:\/\/quantum2025.org\/es\/news-link\/principio-del-mar-incierto-un-poema-cuantico-brillante-de-richard-blanco\/\" \/>\n<meta property=\"og:site_name\" content=\"IYQ 2025\" \/>\n<meta property=\"article:publisher\" content=\"https:\/\/www.facebook.com\/quantumyear2025\" \/>\n<meta property=\"article:modified_time\" content=\"2025-06-24T07:56:26+00:00\" \/>\n<meta property=\"og:image\" content=\"https:\/\/quantum2025.org\/wp-content\/uploads\/2025\/06\/BQP-2.png\" \/>\n\t<meta property=\"og:image:width\" content=\"1366\" \/>\n\t<meta property=\"og:image:height\" content=\"768\" \/>\n\t<meta property=\"og:image:type\" content=\"image\/png\" \/>\n<meta name=\"twitter:card\" content=\"summary_large_image\" \/>\n<meta name=\"twitter:site\" content=\"@QuantumYear2025\" \/>\n<meta name=\"twitter:label1\" content=\"Est. reading time\" \/>\n\t<meta name=\"twitter:data1\" content=\"3 minutos\" \/>\n<script type=\"application\/ld+json\" class=\"yoast-schema-graph\">{\"@context\":\"https:\\\/\\\/schema.org\",\"@graph\":[{\"@type\":\"WebPage\",\"@id\":\"https:\\\/\\\/quantum2025.org\\\/es\\\/news-link\\\/principio-del-mar-incierto-un-poema-cuantico-brillante-de-richard-blanco\\\/\",\"url\":\"https:\\\/\\\/quantum2025.org\\\/es\\\/news-link\\\/principio-del-mar-incierto-un-poema-cuantico-brillante-de-richard-blanco\\\/\",\"name\":\"Principio del Mar Incierto, un Poema Cu\u00e1ntico Brillante de Richard Blanco - IYQ 2025\",\"isPartOf\":{\"@id\":\"https:\\\/\\\/quantum2025.org\\\/#website\"},\"primaryImageOfPage\":{\"@id\":\"https:\\\/\\\/quantum2025.org\\\/es\\\/news-link\\\/principio-del-mar-incierto-un-poema-cuantico-brillante-de-richard-blanco\\\/#primaryimage\"},\"image\":{\"@id\":\"https:\\\/\\\/quantum2025.org\\\/es\\\/news-link\\\/principio-del-mar-incierto-un-poema-cuantico-brillante-de-richard-blanco\\\/#primaryimage\"},\"thumbnailUrl\":\"https:\\\/\\\/quantum2025.org\\\/wp-content\\\/uploads\\\/2025\\\/06\\\/BQP-2.png\",\"datePublished\":\"2025-06-23T17:00:24+00:00\",\"dateModified\":\"2025-06-24T07:56:26+00:00\",\"breadcrumb\":{\"@id\":\"https:\\\/\\\/quantum2025.org\\\/es\\\/news-link\\\/principio-del-mar-incierto-un-poema-cuantico-brillante-de-richard-blanco\\\/#breadcrumb\"},\"inLanguage\":\"es\",\"potentialAction\":[{\"@type\":\"ReadAction\",\"target\":[\"https:\\\/\\\/quantum2025.org\\\/es\\\/news-link\\\/principio-del-mar-incierto-un-poema-cuantico-brillante-de-richard-blanco\\\/\"]}]},{\"@type\":\"ImageObject\",\"inLanguage\":\"es\",\"@id\":\"https:\\\/\\\/quantum2025.org\\\/es\\\/news-link\\\/principio-del-mar-incierto-un-poema-cuantico-brillante-de-richard-blanco\\\/#primaryimage\",\"url\":\"https:\\\/\\\/quantum2025.org\\\/wp-content\\\/uploads\\\/2025\\\/06\\\/BQP-2.png\",\"contentUrl\":\"https:\\\/\\\/quantum2025.org\\\/wp-content\\\/uploads\\\/2025\\\/06\\\/BQP-2.png\",\"width\":1366,\"height\":768},{\"@type\":\"BreadcrumbList\",\"@id\":\"https:\\\/\\\/quantum2025.org\\\/es\\\/news-link\\\/principio-del-mar-incierto-un-poema-cuantico-brillante-de-richard-blanco\\\/#breadcrumb\",\"itemListElement\":[{\"@type\":\"ListItem\",\"position\":1,\"name\":\"Home\",\"item\":\"https:\\\/\\\/quantum2025.org\\\/\"},{\"@type\":\"ListItem\",\"position\":2,\"name\":\"News External Links\",\"item\":\"https:\\\/\\\/quantum2025.org\\\/news-post\\\/\"},{\"@type\":\"ListItem\",\"position\":3,\"name\":\"Principio del Mar Incierto, un Poema Cu\u00e1ntico Brillante de Richard Blanco\"}]},{\"@type\":\"WebSite\",\"@id\":\"https:\\\/\\\/quantum2025.org\\\/#website\",\"url\":\"https:\\\/\\\/quantum2025.org\\\/\",\"name\":\"IYQ 2025\",\"description\":\"International Year of Quantum\",\"potentialAction\":[{\"@type\":\"SearchAction\",\"target\":{\"@type\":\"EntryPoint\",\"urlTemplate\":\"https:\\\/\\\/quantum2025.org\\\/?s={search_term_string}\"},\"query-input\":{\"@type\":\"PropertyValueSpecification\",\"valueRequired\":true,\"valueName\":\"search_term_string\"}}],\"inLanguage\":\"es\"}]}<\/script>\n<!-- \/ Yoast SEO plugin. -->","yoast_head_json":{"title":"Principio del Mar Incierto, un Poema Cu\u00e1ntico Brillante de Richard Blanco - IYQ 2025","robots":{"index":"index","follow":"follow","max-snippet":"max-snippet:-1","max-image-preview":"max-image-preview:large","max-video-preview":"max-video-preview:-1"},"og_locale":"es_ES","og_type":"article","og_title":"Principio del Mar Incierto, un Poema Cu\u00e1ntico Brillante de Richard Blanco - IYQ 2025","og_description":"\u00bfQu\u00e9 ocurre cuando la belleza del mundo cu\u00e1ntico se encuentra con el poder de la literatura? El\u00a0Concurso de Poes\u00eda Brillante (Cu\u00e1ntica) desaf\u00eda a poetas de todo el mundo a explorar precisamente eso. Este concurso internacional, \u00fanico, creado para celebrar el A\u00f1o Internacional de la Ciencia y la Tecnolog\u00eda Cu\u00e1nticas, invita al p\u00fablico general a expresar [&hellip;]","og_url":"https:\/\/quantum2025.org\/es\/news-link\/principio-del-mar-incierto-un-poema-cuantico-brillante-de-richard-blanco\/","og_site_name":"IYQ 2025","article_publisher":"https:\/\/www.facebook.com\/quantumyear2025","article_modified_time":"2025-06-24T07:56:26+00:00","og_image":[{"width":1366,"height":768,"url":"https:\/\/quantum2025.org\/wp-content\/uploads\/2025\/06\/BQP-2.png","type":"image\/png"}],"twitter_card":"summary_large_image","twitter_site":"@QuantumYear2025","twitter_misc":{"Est. reading time":"3 minutos"},"schema":{"@context":"https:\/\/schema.org","@graph":[{"@type":"WebPage","@id":"https:\/\/quantum2025.org\/es\/news-link\/principio-del-mar-incierto-un-poema-cuantico-brillante-de-richard-blanco\/","url":"https:\/\/quantum2025.org\/es\/news-link\/principio-del-mar-incierto-un-poema-cuantico-brillante-de-richard-blanco\/","name":"Principio del Mar Incierto, un Poema Cu\u00e1ntico Brillante de Richard Blanco - IYQ 2025","isPartOf":{"@id":"https:\/\/quantum2025.org\/#website"},"primaryImageOfPage":{"@id":"https:\/\/quantum2025.org\/es\/news-link\/principio-del-mar-incierto-un-poema-cuantico-brillante-de-richard-blanco\/#primaryimage"},"image":{"@id":"https:\/\/quantum2025.org\/es\/news-link\/principio-del-mar-incierto-un-poema-cuantico-brillante-de-richard-blanco\/#primaryimage"},"thumbnailUrl":"https:\/\/quantum2025.org\/wp-content\/uploads\/2025\/06\/BQP-2.png","datePublished":"2025-06-23T17:00:24+00:00","dateModified":"2025-06-24T07:56:26+00:00","breadcrumb":{"@id":"https:\/\/quantum2025.org\/es\/news-link\/principio-del-mar-incierto-un-poema-cuantico-brillante-de-richard-blanco\/#breadcrumb"},"inLanguage":"es","potentialAction":[{"@type":"ReadAction","target":["https:\/\/quantum2025.org\/es\/news-link\/principio-del-mar-incierto-un-poema-cuantico-brillante-de-richard-blanco\/"]}]},{"@type":"ImageObject","inLanguage":"es","@id":"https:\/\/quantum2025.org\/es\/news-link\/principio-del-mar-incierto-un-poema-cuantico-brillante-de-richard-blanco\/#primaryimage","url":"https:\/\/quantum2025.org\/wp-content\/uploads\/2025\/06\/BQP-2.png","contentUrl":"https:\/\/quantum2025.org\/wp-content\/uploads\/2025\/06\/BQP-2.png","width":1366,"height":768},{"@type":"BreadcrumbList","@id":"https:\/\/quantum2025.org\/es\/news-link\/principio-del-mar-incierto-un-poema-cuantico-brillante-de-richard-blanco\/#breadcrumb","itemListElement":[{"@type":"ListItem","position":1,"name":"Home","item":"https:\/\/quantum2025.org\/"},{"@type":"ListItem","position":2,"name":"News External Links","item":"https:\/\/quantum2025.org\/news-post\/"},{"@type":"ListItem","position":3,"name":"Principio del Mar Incierto, un Poema Cu\u00e1ntico Brillante de Richard Blanco"}]},{"@type":"WebSite","@id":"https:\/\/quantum2025.org\/#website","url":"https:\/\/quantum2025.org\/","name":"IYQ 2025","description":"International Year of Quantum","potentialAction":[{"@type":"SearchAction","target":{"@type":"EntryPoint","urlTemplate":"https:\/\/quantum2025.org\/?s={search_term_string}"},"query-input":{"@type":"PropertyValueSpecification","valueRequired":true,"valueName":"search_term_string"}}],"inLanguage":"es"}]}},"_links":{"self":[{"href":"https:\/\/quantum2025.org\/es\/wp-json\/wp\/v2\/news-link\/7181","targetHints":{"allow":["GET"]}}],"collection":[{"href":"https:\/\/quantum2025.org\/es\/wp-json\/wp\/v2\/news-link"}],"about":[{"href":"https:\/\/quantum2025.org\/es\/wp-json\/wp\/v2\/types\/news-link"}],"wp:featuredmedia":[{"embeddable":true,"href":"https:\/\/quantum2025.org\/es\/wp-json\/wp\/v2\/media\/7176"}],"wp:attachment":[{"href":"https:\/\/quantum2025.org\/es\/wp-json\/wp\/v2\/media?parent=7181"}],"wp:term":[{"taxonomy":"keywords","embeddable":true,"href":"https:\/\/quantum2025.org\/es\/wp-json\/wp\/v2\/keywords?post=7181"}],"curies":[{"name":"wp","href":"https:\/\/api.w.org\/{rel}","templated":true}]}}