{"id":6683,"date":"2025-02-19T10:01:08","date_gmt":"2025-02-19T10:01:08","guid":{"rendered":"https:\/\/quantum2025.org\/news-link\/el-ano-internacional-de-la-cuantica-encender-la-posibilidad-acelerar-el-futuro\/"},"modified":"2025-06-03T06:52:24","modified_gmt":"2025-06-03T06:52:24","slug":"el-ano-internacional-de-la-cuantica-encender-la-posibilidad-acelerar-el-futuro","status":"publish","type":"news-link","link":"https:\/\/quantum2025.org\/es\/news-link\/el-ano-internacional-de-la-cuantica-encender-la-posibilidad-acelerar-el-futuro\/","title":{"rendered":"El A\u00f1o Internacional de la Cu\u00e1ntica: Encender la posibilidad, acelerar el futuro"},"content":{"rendered":"\n<h4 class=\"wp-block-heading\">Resumen del Contenido <\/h4>\n\n\n\n<ul class=\"wp-block-list\">\n<li>El A\u00f1o Internacional de la Cu\u00e1ntica no es solo una celebraci\u00f3n: es una llamada a la acci\u00f3n. Pretende sensibilizar a la opini\u00f3n p\u00fablica sobre la ciencia cu\u00e1ntica, garantizando su accesibilidad y compromiso m\u00e1s all\u00e1 del mundo acad\u00e9mico.<\/li>\n\n\n\n<li>La colaboraci\u00f3n y la inclusi\u00f3n son esenciales para el futuro de la cu\u00e1ntica. La ceremonia reforz\u00f3 la necesidad de asociaciones interdisciplinares, progreso iterativo y ampliaci\u00f3n de la participaci\u00f3n en todas las industrias y comunidades. <\/li>\n\n\n\n<li>Ahora hay que dar prioridad a la educaci\u00f3n y al desarrollo de la mano de obra. La alfabetizaci\u00f3n cu\u00e1ntica en K-12 y la recapacitaci\u00f3n de los profesionales en todos los campos son fundamentales para construir un ecosistema s\u00f3lido y diverso. <\/li>\n\n\n\n<li>La responsabilidad \u00e9tica y el impacto social deben guiar el crecimiento de la cu\u00e1ntica. El campo debe equilibrar la innovaci\u00f3n con la seguridad, la sostenibilidad y el acceso global equitativo, garantizando que la cu\u00e1ntica beneficie a la humanidad en su conjunto. <\/li>\n\n\n\n<li>Cr\u00e9dito de la imagen: UNESCO\/Marie ETCHEGOYEN<\/li>\n<\/ul>\n\n\n\n<p>La cu\u00e1ntica siempre ha sido una fuerza contradictoria, a la vez fundacional y escurridiza, que ha dado forma al mundo moderno sin dejar de ser un enigma para la mayor\u00eda. Existe en los dispositivos que utilizamos, en los sistemas en los que confiamos, y sin embargo se habla de ella mediante paradojas, que pocos comprenden. <\/p>\n\n\n\n<p>La ceremonia de apertura del A\u00f1o Internacional de la Cu\u00e1ntica fue un reconocimiento de esta dualidad: no s\u00f3lo una reflexi\u00f3n sobre un siglo de descubrimientos, sino una llamada a dar forma a lo que viene despu\u00e9s. Fue una reuni\u00f3n de cient\u00edficos, responsables pol\u00edticos y l\u00edderes industriales, alineados no s\u00f3lo en su ambici\u00f3n, sino en su responsabilidad de hacer que el futuro de la cu\u00e1ntica sea m\u00e1s tangible, m\u00e1s accesible y m\u00e1s inclusivo. <\/p>\n\n\n\n<p>La UNESCO, la Sociedad Americana de F\u00edsica y organizaciones como The Quantum Insider defienden esta iniciativa de un a\u00f1o de duraci\u00f3n para llevar la cu\u00e1ntica a la conciencia p\u00fablica, no como un campo te\u00f3rico lejano, sino como una herramienta potencial para influir en la sociedad a todos los niveles. La misi\u00f3n no es s\u00f3lo celebrar el progreso, sino garantizar que la pr\u00f3xima era de la cu\u00e1ntica pertenezca a todos. <br><\/p>\n\n\n\n<h2 class=\"wp-block-heading\">Una convergencia de prop\u00f3sitos<\/h2>\n\n\n\n<p>La ceremonia no fue solo un escenario para la reflexi\u00f3n: fue un escenario para la alineaci\u00f3n. En el escenario, confirmamos como comunidad que estamos en la p\u00e1gina correcta, con temas comunes de accesibilidad, educaci\u00f3n, desarrollo responsable y herramientas para trabajar por los Objetivos de Desarrollo Sostenible. Fuera del escenario, las conversaciones se profundizaron, se formaron asociaciones y el trabajo del futuro no s\u00f3lo se imagin\u00f3, sino que se puso activamente en marcha.<\/p>\n\n\n\n<p>Construir algo nuevo requiere la capacidad de ver m\u00e1s all\u00e1 de lo que existe y dar el siguiente mejor paso adelante. El A\u00f1o Internacional de la Cu\u00e1ntica no consiste solo en celebrar los logros; se trata de superar las barreras t\u00e9cnicas, conceptuales, institucionales \u2014 para garantizar que la promesa cu\u00e1ntica se haga realidad para todos.<\/p>\n\n\n\n<p>Celia Merzbacher, Directora Ejecutiva de QED-C, capt\u00f3 esta visi\u00f3n: \u00abCreo que el A\u00f1o Internacional de la Cu\u00e1ntica es una oportunidad, porque es amplio, inclusivo y sensibilizador. Aunque el QED-C est\u00e1 muy centrado en el avance de la industria comercial, esa industria depende de todo el ecosistema de innovaci\u00f3n, desde la investigaci\u00f3n hasta el desarrollo de productos. Siempre digo: la cu\u00e1ntica es global. La innovaci\u00f3n es global. El talento est\u00e1 distribuido globalmente, y los mercados son globales. El A\u00f1o Internacional de la Cu\u00e1ntica consiste en reunir a tantas partes interesadas como sea posible\u00bb.<\/p>\n\n\n\n<p>Y la verdadera inclusi\u00f3n es un proceso activo, que va m\u00e1s all\u00e1 de la concienciaci\u00f3n y requiere un compromiso sostenido entre disciplinas, industrias y comunidades. A medida que se profundizaba en la conversaci\u00f3n, surgi\u00f3 un hilo com\u00fan: el progreso en cu\u00e1ntica no vendr\u00e1 s\u00f3lo de los visionarios, sino de quienes refinan, desaf\u00edan y hacen evolucionar las ideas en tiempo real. Allison Schwartz, Vicepresidenta de Relaciones Gubernamentales y Asuntos P\u00fablicos Globales de D-Wave, reforz\u00f3 esta realidad: \u00abEstar en el centro de esta industria -creando aplicaciones en la actualidad y proporcionando acceso a la nube en tiempo real en 42 pa\u00edses- nos brinda una oportunidad \u00fanica de llegar a las nuevas generaciones de innovadores. Nos centramos especialmente en aquellos que no se limitan a pensar te\u00f3ricamente, sino que se preguntan: \u00ab\u00bfQu\u00e9 puedo hacer hoy?\u00bb\u00bb.  <\/p>\n\n\n\n<p>La cu\u00e1ntica no es un esfuerzo solitario. Se nutre de la colaboraci\u00f3n, de la fusi\u00f3n de disciplinas, de ideas que desaf\u00edan la sabidur\u00eda convencional. Krysta Svore, Miembro T\u00e9cnico y Vicepresidenta de Desarrollo Cu\u00e1ntico Avanzado de Microsoft, subray\u00f3 esta din\u00e1mica: \u00abEn inform\u00e1tica, siempre comparas: lo ejecutas, lo comparas con una l\u00ednea de base y, si es mejor, lo utilizas. Pero en la inform\u00e1tica cu\u00e1ntica no hemos podido hacer eso. El poder actual es que estamos produciendo m\u00e1quinas cu\u00e1nticas fiables que pueden integrarse y superponerse a los flujos de trabajo existentes\u00bb.  <\/p>\n\n\n\n<p>El futuro de la cu\u00e1ntica no puede construirse de forma aislada. No es un sistema de circuito cerrado, autocontenido y exclusivo de un pu\u00f1ado de expertos. Debe ser expansivo, integrador y, sobre todo, inclusivo.  <\/p>\n\n\n\n<h2 class=\"wp-block-heading\">La cuesti\u00f3n de la comprensi\u00f3n<\/h2>\n\n\n\n<p>La educaci\u00f3n fue uno de los temas m\u00e1s urgentes de la ceremonia. La alfabetizaci\u00f3n digital es fundamental en el mundo actual y, sin embargo, la inform\u00e1tica cl\u00e1sica sigue ausente de muchos planes de estudios de primaria y secundaria. Las matem\u00e1ticas y la f\u00edsica -esenciales para la computaci\u00f3n cu\u00e1ntica- suelen pasarse por alto. Si no damos prioridad a estas asignaturas desde el principio, corremos el riesgo de crear un futuro en el que s\u00f3lo unos pocos tengan los conocimientos y la oportunidad de utilizar esta tecnolog\u00eda de forma significativa.   <\/p>\n\n\n\n<p>Pero esperar a que la pr\u00f3xima generaci\u00f3n alcance la mayor\u00eda de edad no es una opci\u00f3n. La urgencia del desarrollo de la cu\u00e1ntica requiere una mano de obra procedente de todas las disciplinas e industrias. Necesitamos f\u00edsicos, s\u00ed, pero tambi\u00e9n ingenieros el\u00e9ctricos, desarrolladores de software, responsables pol\u00edticos y defensores. El \u00e9xito de la tecnolog\u00eda cu\u00e1ntica no depender\u00e1 \u00fanicamente de los cient\u00edficos, sino que requerir\u00e1 los esfuerzos de todo un ecosistema.   <\/p>\n\n\n\n<p>Rajeeb Hazra, director general de Quantinuum, lo dijo sin rodeos: \u00abGran parte del reto del acceso es la mano de obra. Para que la cu\u00e1ntica desarrolle todo su potencial, debe evolucionar a partir de un peque\u00f1o conjunto de personas que tienen que esforzarse desmesuradamente contra los sistemas del mundo para hacerlo bien.\u00bb<\/p>\n\n\n\n<p>Mitra Azizirad, Presidente y Director de Operaciones de Misiones Estrat\u00e9gicas y Tecnolog\u00edas de Microsoft, ampli\u00f3 esta idea: \u00abEl primer paso para nosotros -y en lo que estoy m\u00e1s centrado- es identificar esas aplicaciones h\u00edbridas iniciales. \u00bfC\u00f3mo trabajamos con nuestros socios y clientes para determinar cu\u00e1les ser\u00e1n? Porque si piensas en la uni\u00f3n de la IA y la cu\u00e1ntica, te espera una oportunidad incre\u00edble\u00bb.<\/p>\n\n\n\n<p>Jonathan Felbinger, Director Adjunto del QED-C, estableci\u00f3 un paralelismo con la IA: \u00abCreo que es una gran oportunidad para captar la imaginaci\u00f3n del p\u00fablico, de forma parecida a como lo ha hecho la IA. Todos los d\u00edas sale algo en las noticias sobre IA, y estoy seguro de que los ni\u00f1os de hoy piensan: &#8216;Quiero trabajar en IA. Quiero aprender IA&#8217;. En cierto modo, se han convertido en nativos de la IA, interactuando con ella, d\u00e1ndole forma y creando conciencia en torno a ella. Quiero ese mismo nivel de compromiso p\u00fablico para la cu\u00e1ntica, tanto en t\u00e9rminos de comprensi\u00f3n de los casos de uso como de creaci\u00f3n de la futura mano de obra\u00bb.<\/p>\n\n\n\n<h2 class=\"wp-block-heading\">\u00c9tica, sostenibilidad y responsabilidad del conocimiento<\/h2>\n\n\n\n<p>La ciencia no existe en el vac\u00edo, ni deber\u00eda existir. La b\u00fasqueda del conocimiento es profundamente humana, impulsada por la curiosidad, por el asombro, por el deseo de ir m\u00e1s all\u00e1 de lo conocido. Pero el asombro por s\u00ed solo no basta. Si poseemos una tecnolog\u00eda, incluso en sus primeras fases, que tiene el potencial de abordar los retos m\u00e1s profundos del mundo, entonces la responsabilidad de perseguirla va m\u00e1s all\u00e1 de la ambici\u00f3n personal: se convierte en una obligaci\u00f3n para con la humanidad.   <\/p>\n\n\n\n<p>El Profesor Yasser Omar, Presidente del Instituto Cu\u00e1ntico Portugu\u00e9s, record\u00f3 a los asistentes en su discurso de apertura del segundo d\u00eda del evento que \u00abla ciencia b\u00e1sica es un beneficio para la sociedad\u00bb. Pero su impacto depende de c\u00f3mo decidamos aplicarla. La responsabilidad de los descubrimientos cient\u00edficos no recae \u00fanicamente en los investigadores del laboratorio, sino que se extiende a los educadores, los responsables pol\u00edticos, las empresas y las personas que tratan de integrar y aplicar estos descubrimientos en beneficio de la sociedad.  <\/p>\n\n\n\n<p>Hazra hizo hincapi\u00e9 en esta doble responsabilidad: \u00abNuestro trabajo consiste en acelerar la inform\u00e1tica cu\u00e1ntica \u00fatil para el bien, y cada palabra de esto es significativa. Nuestro papel es garantizar que aceleramos tanto el ritmo de creaci\u00f3n de tecnolog\u00eda como su adopci\u00f3n. No sirve de nada desarrollar tecnolog\u00eda y dejarla en el laboratorio. Y no sirve de nada dejar de innovar s\u00f3lo porque democratizar esa tecnolog\u00eda m\u00e1s all\u00e1 del laboratorio sea cada vez m\u00e1s dif\u00edcil\u00bb.<\/p>\n\n\n\n<p>Como ocurre con cualquier tecnolog\u00eda potente, tambi\u00e9n deben abordarse las consideraciones \u00e9ticas y los riesgos de seguridad. Merzbacher inst\u00f3 a adoptar un enfoque equilibrado: \u00abEn el contexto del A\u00f1o Internacional de la Cu\u00e1ntica, creo que deber\u00edamos centrarnos en las aplicaciones beneficiosas, ya sea el diagn\u00f3stico en el punto de atenci\u00f3n, la mejora de la previsi\u00f3n meteorol\u00f3gica para ayudar a los agricultores u otras repercusiones positivas. A medida que desarrollemos estos usos beneficiosos, habr\u00e1 que orientar los controles de seguridad nacional. Las protecciones seguir\u00e1n siendo necesarias, pero deben estar estrechamente enfocadas para garantizar que las aplicaciones positivas de la cu\u00e1ntica puedan ser ampliamente compartidas y utilizadas.\u00bb <\/p>\n\n\n\n<h2 class=\"wp-block-heading\">El trabajo que nos espera<\/h2>\n\n\n\n<p>Una de las conclusiones m\u00e1s sorprendentes fue el reconocimiento de que el progreso no siempre es c\u00f3modo y de que la cu\u00e1ntica no puede permitirse ser un campo exclusivo. El futuro pertenece a quienes est\u00e9n dispuestos a integrarlo en todas las industrias, disciplinas y comunidades. La ceremonia fue un comienzo, no un punto final.  <\/p>\n\n\n\n<p>Como observ\u00f3 Hazra: \u00abLos \u00faltimos tres o cuatro a\u00f1os -e incluso la \u00faltima d\u00e9cada, antes de que se formara Quantinuum- han sido a\u00f1os de descubrimiento. Hemos aprendido lo que funciona y lo que no. Ahora, 2025 es el a\u00f1o de la aceleraci\u00f3n. No digo que hayamos resuelto todos los problemas, pero tenemos un camino, tenemos un mapa. Y ahora, avanzamos m\u00e1s r\u00e1pido por ese mapa. El A\u00f1o Internacional de la Cu\u00e1ntica marca el a\u00f1o de la aceleraci\u00f3n de la inform\u00e1tica cu\u00e1ntica \u00fatil para siempre\u00bb.<\/p>\n\n\n\n<p>La urgencia no est\u00e1 s\u00f3lo en la propia tecnolog\u00eda, sino en las decisiones que tomamos en torno a ella. El A\u00f1o Internacional de la Cu\u00e1ntica no es s\u00f3lo una celebraci\u00f3n; es un reto. Un llamamiento para garantizar que los cimientos que construyamos ahora perduren. Al fin y al cabo, la ciencia no trata s\u00f3lo de lo que podemos hacer, sino de lo que debemos hacer.   <\/p>\n\n\n\n<p>Azizirad, con pasi\u00f3n e intenci\u00f3n, capt\u00f3 la esencia de este momento: \u00abPero ahora mismo -este momento- es el m\u00e1s emocionante. Porque estamos en la c\u00faspide de algo en lo que todo parece posible. Estamos en la fase del &#8216;arte de lo posible&#8217;, en la que realmente estamos ideando y superponiendo lo cu\u00e1ntico a lo que viene despu\u00e9s.\u00bb<\/p>\n\n\n\n<hr class=\"wp-block-separator has-alpha-channel-opacity\"\/>\n\n\n\n<p>Este art\u00edculo se public\u00f3 en <a href=\"https:\/\/thequantuminsider.com\/2025\/02\/14\/the-international-year-of-quantum-igniting-possibility-accelerating-the-future\/\" target=\"_blank\" rel=\"noreferrer noopener\">Quantum Insider<\/a><\/p>\n\n\n\n<p><\/p>\n","protected":false},"featured_media":4098,"template":"","keywords":[87,68,88],"class_list":["post-6683","news-link","type-news-link","status-publish","has-post-thumbnail","hentry","keywords-quantinuum","keywords-sustainability","keywords-unesco"],"acf":[],"yoast_head":"<!-- This site is optimized with the Yoast SEO plugin v27.4 - https:\/\/yoast.com\/product\/yoast-seo-wordpress\/ -->\n<title>El A\u00f1o Internacional de la Cu\u00e1ntica: Encender la posibilidad, acelerar el futuro - IYQ 2025<\/title>\n<meta name=\"description\" content=\"Resumen: El A\u00f1o Internacional de la Cu\u00e1ntica es una llamada a la acci\u00f3n, no s\u00f3lo una celebraci\u00f3n. Su objetivo es concienciar al p\u00fablico sobre la ciencia cu\u00e1ntica, garantizando la accesibilidad y el compromiso m\u00e1s all\u00e1 del mundo acad\u00e9mico. La ceremonia reforz\u00f3 la necesidad de asociaciones interdisciplinares, progreso iterativo y ampliaci\u00f3n de la participaci\u00f3n en todas las industrias y comunidades. La alfabetizaci\u00f3n cu\u00e1ntica en la ense\u00f1anza primaria y secundaria y el reciclaje de los profesionales en todos los campos son fundamentales para construir un ecosistema s\u00f3lido y diverso. El campo debe equilibrar la innovaci\u00f3n con la seguridad, la sostenibilidad y el acceso global equitativo, garantizando que la cu\u00e1ntica beneficie a toda la humanidad.Cr\u00e9dito de la imagen: UNESCO\/Marie ETCHEGOYEN\" \/>\n<meta name=\"robots\" content=\"index, follow, max-snippet:-1, max-image-preview:large, max-video-preview:-1\" \/>\n<meta property=\"og:locale\" content=\"es_ES\" \/>\n<meta property=\"og:type\" content=\"article\" \/>\n<meta property=\"og:title\" content=\"El A\u00f1o Internacional de la Cu\u00e1ntica: Encender la posibilidad, acelerar el futuro - IYQ 2025\" \/>\n<meta property=\"og:description\" content=\"Resumen: El A\u00f1o Internacional de la Cu\u00e1ntica es una llamada a la acci\u00f3n, no s\u00f3lo una celebraci\u00f3n. Su objetivo es concienciar al p\u00fablico sobre la ciencia cu\u00e1ntica, garantizando la accesibilidad y el compromiso m\u00e1s all\u00e1 del mundo acad\u00e9mico. La ceremonia reforz\u00f3 la necesidad de asociaciones interdisciplinares, progreso iterativo y ampliaci\u00f3n de la participaci\u00f3n en todas las industrias y comunidades. La alfabetizaci\u00f3n cu\u00e1ntica en la ense\u00f1anza primaria y secundaria y el reciclaje de los profesionales en todos los campos son fundamentales para construir un ecosistema s\u00f3lido y diverso. El campo debe equilibrar la innovaci\u00f3n con la seguridad, la sostenibilidad y el acceso global equitativo, garantizando que la cu\u00e1ntica beneficie a toda la humanidad.Cr\u00e9dito de la imagen: UNESCO\/Marie ETCHEGOYEN\" \/>\n<meta property=\"og:url\" content=\"https:\/\/quantum2025.org\/es\/news-link\/el-ano-internacional-de-la-cuantica-encender-la-posibilidad-acelerar-el-futuro\/\" \/>\n<meta property=\"og:site_name\" content=\"IYQ 2025\" \/>\n<meta property=\"article:publisher\" content=\"https:\/\/www.facebook.com\/quantumyear2025\" \/>\n<meta property=\"article:modified_time\" content=\"2025-06-03T06:52:24+00:00\" \/>\n<meta property=\"og:image\" content=\"https:\/\/quantum2025.org\/wp-content\/uploads\/2025\/02\/54307687588_d83cc8c77d_o-1024x683.jpg\" \/>\n\t<meta property=\"og:image:width\" content=\"1024\" \/>\n\t<meta property=\"og:image:height\" content=\"683\" \/>\n\t<meta property=\"og:image:type\" content=\"image\/jpeg\" \/>\n<meta name=\"twitter:card\" content=\"summary_large_image\" \/>\n<meta name=\"twitter:site\" content=\"@QuantumYear2025\" \/>\n<meta name=\"twitter:label1\" content=\"Est. reading time\" \/>\n\t<meta name=\"twitter:data1\" content=\"9 minutos\" \/>\n<script type=\"application\/ld+json\" class=\"yoast-schema-graph\">{\"@context\":\"https:\\\/\\\/schema.org\",\"@graph\":[{\"@type\":\"WebPage\",\"@id\":\"https:\\\/\\\/quantum2025.org\\\/es\\\/news-link\\\/el-ano-internacional-de-la-cuantica-encender-la-posibilidad-acelerar-el-futuro\\\/\",\"url\":\"https:\\\/\\\/quantum2025.org\\\/es\\\/news-link\\\/el-ano-internacional-de-la-cuantica-encender-la-posibilidad-acelerar-el-futuro\\\/\",\"name\":\"El A\u00f1o Internacional de la Cu\u00e1ntica: Encender la posibilidad, acelerar el futuro - IYQ 2025\",\"isPartOf\":{\"@id\":\"https:\\\/\\\/quantum2025.org\\\/#website\"},\"primaryImageOfPage\":{\"@id\":\"https:\\\/\\\/quantum2025.org\\\/es\\\/news-link\\\/el-ano-internacional-de-la-cuantica-encender-la-posibilidad-acelerar-el-futuro\\\/#primaryimage\"},\"image\":{\"@id\":\"https:\\\/\\\/quantum2025.org\\\/es\\\/news-link\\\/el-ano-internacional-de-la-cuantica-encender-la-posibilidad-acelerar-el-futuro\\\/#primaryimage\"},\"thumbnailUrl\":\"https:\\\/\\\/quantum2025.org\\\/wp-content\\\/uploads\\\/2025\\\/02\\\/54307687588_d83cc8c77d_o.jpg\",\"datePublished\":\"2025-02-19T10:01:08+00:00\",\"dateModified\":\"2025-06-03T06:52:24+00:00\",\"description\":\"Resumen: El A\u00f1o Internacional de la Cu\u00e1ntica es una llamada a la acci\u00f3n, no s\u00f3lo una celebraci\u00f3n. Su objetivo es concienciar al p\u00fablico sobre la ciencia cu\u00e1ntica, garantizando la accesibilidad y el compromiso m\u00e1s all\u00e1 del mundo acad\u00e9mico. La ceremonia reforz\u00f3 la necesidad de asociaciones interdisciplinares, progreso iterativo y ampliaci\u00f3n de la participaci\u00f3n en todas las industrias y comunidades. La alfabetizaci\u00f3n cu\u00e1ntica en la ense\u00f1anza primaria y secundaria y el reciclaje de los profesionales en todos los campos son fundamentales para construir un ecosistema s\u00f3lido y diverso. El campo debe equilibrar la innovaci\u00f3n con la seguridad, la sostenibilidad y el acceso global equitativo, garantizando que la cu\u00e1ntica beneficie a toda la humanidad.Cr\u00e9dito de la imagen: UNESCO\\\/Marie ETCHEGOYEN\",\"breadcrumb\":{\"@id\":\"https:\\\/\\\/quantum2025.org\\\/es\\\/news-link\\\/el-ano-internacional-de-la-cuantica-encender-la-posibilidad-acelerar-el-futuro\\\/#breadcrumb\"},\"inLanguage\":\"es\",\"potentialAction\":[{\"@type\":\"ReadAction\",\"target\":[\"https:\\\/\\\/quantum2025.org\\\/es\\\/news-link\\\/el-ano-internacional-de-la-cuantica-encender-la-posibilidad-acelerar-el-futuro\\\/\"]}]},{\"@type\":\"ImageObject\",\"inLanguage\":\"es\",\"@id\":\"https:\\\/\\\/quantum2025.org\\\/es\\\/news-link\\\/el-ano-internacional-de-la-cuantica-encender-la-posibilidad-acelerar-el-futuro\\\/#primaryimage\",\"url\":\"https:\\\/\\\/quantum2025.org\\\/wp-content\\\/uploads\\\/2025\\\/02\\\/54307687588_d83cc8c77d_o.jpg\",\"contentUrl\":\"https:\\\/\\\/quantum2025.org\\\/wp-content\\\/uploads\\\/2025\\\/02\\\/54307687588_d83cc8c77d_o.jpg\",\"width\":8192,\"height\":5464},{\"@type\":\"BreadcrumbList\",\"@id\":\"https:\\\/\\\/quantum2025.org\\\/es\\\/news-link\\\/el-ano-internacional-de-la-cuantica-encender-la-posibilidad-acelerar-el-futuro\\\/#breadcrumb\",\"itemListElement\":[{\"@type\":\"ListItem\",\"position\":1,\"name\":\"Home\",\"item\":\"https:\\\/\\\/quantum2025.org\\\/\"},{\"@type\":\"ListItem\",\"position\":2,\"name\":\"News External Links\",\"item\":\"https:\\\/\\\/quantum2025.org\\\/news-post\\\/\"},{\"@type\":\"ListItem\",\"position\":3,\"name\":\"El A\u00f1o Internacional de la Cu\u00e1ntica: Encender la posibilidad, acelerar el futuro\"}]},{\"@type\":\"WebSite\",\"@id\":\"https:\\\/\\\/quantum2025.org\\\/#website\",\"url\":\"https:\\\/\\\/quantum2025.org\\\/\",\"name\":\"IYQ 2025\",\"description\":\"International Year of Quantum\",\"potentialAction\":[{\"@type\":\"SearchAction\",\"target\":{\"@type\":\"EntryPoint\",\"urlTemplate\":\"https:\\\/\\\/quantum2025.org\\\/?s={search_term_string}\"},\"query-input\":{\"@type\":\"PropertyValueSpecification\",\"valueRequired\":true,\"valueName\":\"search_term_string\"}}],\"inLanguage\":\"es\"}]}<\/script>\n<!-- \/ Yoast SEO plugin. -->","yoast_head_json":{"title":"El A\u00f1o Internacional de la Cu\u00e1ntica: Encender la posibilidad, acelerar el futuro - IYQ 2025","description":"Resumen: El A\u00f1o Internacional de la Cu\u00e1ntica es una llamada a la acci\u00f3n, no s\u00f3lo una celebraci\u00f3n. Su objetivo es concienciar al p\u00fablico sobre la ciencia cu\u00e1ntica, garantizando la accesibilidad y el compromiso m\u00e1s all\u00e1 del mundo acad\u00e9mico. La ceremonia reforz\u00f3 la necesidad de asociaciones interdisciplinares, progreso iterativo y ampliaci\u00f3n de la participaci\u00f3n en todas las industrias y comunidades. La alfabetizaci\u00f3n cu\u00e1ntica en la ense\u00f1anza primaria y secundaria y el reciclaje de los profesionales en todos los campos son fundamentales para construir un ecosistema s\u00f3lido y diverso. El campo debe equilibrar la innovaci\u00f3n con la seguridad, la sostenibilidad y el acceso global equitativo, garantizando que la cu\u00e1ntica beneficie a toda la humanidad.Cr\u00e9dito de la imagen: UNESCO\/Marie ETCHEGOYEN","robots":{"index":"index","follow":"follow","max-snippet":"max-snippet:-1","max-image-preview":"max-image-preview:large","max-video-preview":"max-video-preview:-1"},"og_locale":"es_ES","og_type":"article","og_title":"El A\u00f1o Internacional de la Cu\u00e1ntica: Encender la posibilidad, acelerar el futuro - IYQ 2025","og_description":"Resumen: El A\u00f1o Internacional de la Cu\u00e1ntica es una llamada a la acci\u00f3n, no s\u00f3lo una celebraci\u00f3n. Su objetivo es concienciar al p\u00fablico sobre la ciencia cu\u00e1ntica, garantizando la accesibilidad y el compromiso m\u00e1s all\u00e1 del mundo acad\u00e9mico. La ceremonia reforz\u00f3 la necesidad de asociaciones interdisciplinares, progreso iterativo y ampliaci\u00f3n de la participaci\u00f3n en todas las industrias y comunidades. La alfabetizaci\u00f3n cu\u00e1ntica en la ense\u00f1anza primaria y secundaria y el reciclaje de los profesionales en todos los campos son fundamentales para construir un ecosistema s\u00f3lido y diverso. El campo debe equilibrar la innovaci\u00f3n con la seguridad, la sostenibilidad y el acceso global equitativo, garantizando que la cu\u00e1ntica beneficie a toda la humanidad.Cr\u00e9dito de la imagen: UNESCO\/Marie ETCHEGOYEN","og_url":"https:\/\/quantum2025.org\/es\/news-link\/el-ano-internacional-de-la-cuantica-encender-la-posibilidad-acelerar-el-futuro\/","og_site_name":"IYQ 2025","article_publisher":"https:\/\/www.facebook.com\/quantumyear2025","article_modified_time":"2025-06-03T06:52:24+00:00","og_image":[{"width":1024,"height":683,"url":"https:\/\/quantum2025.org\/wp-content\/uploads\/2025\/02\/54307687588_d83cc8c77d_o-1024x683.jpg","type":"image\/jpeg"}],"twitter_card":"summary_large_image","twitter_site":"@QuantumYear2025","twitter_misc":{"Est. reading time":"9 minutos"},"schema":{"@context":"https:\/\/schema.org","@graph":[{"@type":"WebPage","@id":"https:\/\/quantum2025.org\/es\/news-link\/el-ano-internacional-de-la-cuantica-encender-la-posibilidad-acelerar-el-futuro\/","url":"https:\/\/quantum2025.org\/es\/news-link\/el-ano-internacional-de-la-cuantica-encender-la-posibilidad-acelerar-el-futuro\/","name":"El A\u00f1o Internacional de la Cu\u00e1ntica: Encender la posibilidad, acelerar el futuro - IYQ 2025","isPartOf":{"@id":"https:\/\/quantum2025.org\/#website"},"primaryImageOfPage":{"@id":"https:\/\/quantum2025.org\/es\/news-link\/el-ano-internacional-de-la-cuantica-encender-la-posibilidad-acelerar-el-futuro\/#primaryimage"},"image":{"@id":"https:\/\/quantum2025.org\/es\/news-link\/el-ano-internacional-de-la-cuantica-encender-la-posibilidad-acelerar-el-futuro\/#primaryimage"},"thumbnailUrl":"https:\/\/quantum2025.org\/wp-content\/uploads\/2025\/02\/54307687588_d83cc8c77d_o.jpg","datePublished":"2025-02-19T10:01:08+00:00","dateModified":"2025-06-03T06:52:24+00:00","description":"Resumen: El A\u00f1o Internacional de la Cu\u00e1ntica es una llamada a la acci\u00f3n, no s\u00f3lo una celebraci\u00f3n. Su objetivo es concienciar al p\u00fablico sobre la ciencia cu\u00e1ntica, garantizando la accesibilidad y el compromiso m\u00e1s all\u00e1 del mundo acad\u00e9mico. La ceremonia reforz\u00f3 la necesidad de asociaciones interdisciplinares, progreso iterativo y ampliaci\u00f3n de la participaci\u00f3n en todas las industrias y comunidades. La alfabetizaci\u00f3n cu\u00e1ntica en la ense\u00f1anza primaria y secundaria y el reciclaje de los profesionales en todos los campos son fundamentales para construir un ecosistema s\u00f3lido y diverso. El campo debe equilibrar la innovaci\u00f3n con la seguridad, la sostenibilidad y el acceso global equitativo, garantizando que la cu\u00e1ntica beneficie a toda la humanidad.Cr\u00e9dito de la imagen: UNESCO\/Marie ETCHEGOYEN","breadcrumb":{"@id":"https:\/\/quantum2025.org\/es\/news-link\/el-ano-internacional-de-la-cuantica-encender-la-posibilidad-acelerar-el-futuro\/#breadcrumb"},"inLanguage":"es","potentialAction":[{"@type":"ReadAction","target":["https:\/\/quantum2025.org\/es\/news-link\/el-ano-internacional-de-la-cuantica-encender-la-posibilidad-acelerar-el-futuro\/"]}]},{"@type":"ImageObject","inLanguage":"es","@id":"https:\/\/quantum2025.org\/es\/news-link\/el-ano-internacional-de-la-cuantica-encender-la-posibilidad-acelerar-el-futuro\/#primaryimage","url":"https:\/\/quantum2025.org\/wp-content\/uploads\/2025\/02\/54307687588_d83cc8c77d_o.jpg","contentUrl":"https:\/\/quantum2025.org\/wp-content\/uploads\/2025\/02\/54307687588_d83cc8c77d_o.jpg","width":8192,"height":5464},{"@type":"BreadcrumbList","@id":"https:\/\/quantum2025.org\/es\/news-link\/el-ano-internacional-de-la-cuantica-encender-la-posibilidad-acelerar-el-futuro\/#breadcrumb","itemListElement":[{"@type":"ListItem","position":1,"name":"Home","item":"https:\/\/quantum2025.org\/"},{"@type":"ListItem","position":2,"name":"News External Links","item":"https:\/\/quantum2025.org\/news-post\/"},{"@type":"ListItem","position":3,"name":"El A\u00f1o Internacional de la Cu\u00e1ntica: Encender la posibilidad, acelerar el futuro"}]},{"@type":"WebSite","@id":"https:\/\/quantum2025.org\/#website","url":"https:\/\/quantum2025.org\/","name":"IYQ 2025","description":"International Year of Quantum","potentialAction":[{"@type":"SearchAction","target":{"@type":"EntryPoint","urlTemplate":"https:\/\/quantum2025.org\/?s={search_term_string}"},"query-input":{"@type":"PropertyValueSpecification","valueRequired":true,"valueName":"search_term_string"}}],"inLanguage":"es"}]}},"_links":{"self":[{"href":"https:\/\/quantum2025.org\/es\/wp-json\/wp\/v2\/news-link\/6683","targetHints":{"allow":["GET"]}}],"collection":[{"href":"https:\/\/quantum2025.org\/es\/wp-json\/wp\/v2\/news-link"}],"about":[{"href":"https:\/\/quantum2025.org\/es\/wp-json\/wp\/v2\/types\/news-link"}],"wp:featuredmedia":[{"embeddable":true,"href":"https:\/\/quantum2025.org\/es\/wp-json\/wp\/v2\/media\/4098"}],"wp:attachment":[{"href":"https:\/\/quantum2025.org\/es\/wp-json\/wp\/v2\/media?parent=6683"}],"wp:term":[{"taxonomy":"keywords","embeddable":true,"href":"https:\/\/quantum2025.org\/es\/wp-json\/wp\/v2\/keywords?post=6683"}],"curies":[{"name":"wp","href":"https:\/\/api.w.org\/{rel}","templated":true}]}}