{"id":6678,"date":"2025-01-31T18:08:50","date_gmt":"2025-01-31T18:08:50","guid":{"rendered":"https:\/\/quantum2025.org\/news-link\/2025-es-el-ano-internacional-de-la-ciencia-y-la-tecnologia-cuanticas\/"},"modified":"2025-06-03T07:26:41","modified_gmt":"2025-06-03T07:26:41","slug":"2025-es-el-ano-internacional-de-la-ciencia-y-la-tecnologia-cuanticas","status":"publish","type":"news-link","link":"https:\/\/quantum2025.org\/es\/news-link\/2025-es-el-ano-internacional-de-la-ciencia-y-la-tecnologia-cuanticas\/","title":{"rendered":"2025 es el A\u00f1o Internacional de la Ciencia y la Tecnolog\u00eda Cu\u00e1nticas"},"content":{"rendered":"\n<h4 class=\"wp-block-heading has-text-align-center\"><em>Sensibilizar e inspirar a la futura mano de obra son dos objetivos del a\u00f1o cu\u00e1ntico designado por la ONU.<\/em><\/h4>\n\n<p>Demostraciones pr\u00e1cticas de entrelazamiento cu\u00e1ntico, juegos de rol de diplomacia, juergas a escala continental y m\u00e1s actividades para el A\u00f1o Internacional de la Ciencia y la Tecnolog\u00eda Cu\u00e1nticas (IYQ) est\u00e1n cobrando forma. El pasado mes de junio, las Naciones Unidas declararon 2025 A\u00f1o Internacional de la Ciencia y la Tecnolog\u00eda Cu\u00e1nticas; desde entonces, cient\u00edficos, educadores y amantes de la ciencia han estado bullendo de ideas sobre c\u00f3mo celebrar el siglo pasado de f\u00edsica cu\u00e1ntica y sus aplicaciones y mirar hacia el pr\u00f3ximo. <\/p>\n\n<p>El imprim\u00e1tur de la ONU confiere visibilidad y legitimidad a los esfuerzos de concienciaci\u00f3n sobre la ciencia y la tecnolog\u00eda cu\u00e1nticas. Tambi\u00e9n conlleva un compromiso con los 17 objetivos de desarrollo sostenible de la ONU: energ\u00eda asequible y limpia, educaci\u00f3n de calidad e igualdad de g\u00e9nero, por nombrar algunos. Muchas actividades relacionadas con la cu\u00e1ntica est\u00e1n en marcha independientemente del AIC, dice Enrica Porcari, jefa del departamento de TI del CERN y miembro del comit\u00e9 directivo del AIC. Pero el IYQ \u00abturboalimentar\u00e1\u00bb los esfuerzos, afirma. \u00abCreo que en 2025 veremos una explosi\u00f3n de acontecimientos\u00bb.    <\/p>\n\n<p>Las tecnolog\u00edas basadas en la cu\u00e1ntica ya son omnipresentes, y se vislumbran muchas m\u00e1s aplicaciones en inform\u00e1tica, comunicaciones y detecci\u00f3n. \u00abEn f\u00edsica, todo el mundo comprende la importancia que ha adquirido la mec\u00e1nica cu\u00e1ntica, pero no ocurre lo mismo con el p\u00fablico\u00bb, afirma Paul Cadden-Zimansky, f\u00edsico del Bard College que puso en marcha el proceso que desemboc\u00f3 en la declaraci\u00f3n de la ONU y que es coordinador mundial del AIC. <\/p>\n\n<p>El AIC puede considerarse un \u00e9xito, dice Porcari, si a finales de a\u00f1o la gente de los pa\u00edses sin servicios cu\u00e1nticos dice: \u00abNo me perder\u00eda esta revoluci\u00f3n\u00bb.<\/p>\n\n<h2 class=\"wp-block-heading\" id=\"90447171\">Acontecimientos mundiales<\/h2>\n\n<p>El lanzamiento oficial del AIC est\u00e1 previsto para los d\u00edas 4 y 5 de febrero en la sede de la UNESCO en Par\u00eds. El acto introducir\u00e1 el a\u00f1o centr\u00e1ndose en el futuro de la ciencia y la tecnolog\u00eda cu\u00e1nticas, dice Claudia Fracchiolla, responsable de participaci\u00f3n p\u00fablica de la Sociedad Americana de F\u00edsica, que es uno de los seis patrocinadores fundadores del AIC. El acto, dice, se centrar\u00e1 en cuestiones como: \u00bfEn qu\u00e9 deben pensar los responsables pol\u00edticos? \u00bfC\u00f3mo beneficiar\u00e1n a la sociedad los avances basados en la f\u00edsica cu\u00e1ntica? \u00bfQu\u00e9 educaci\u00f3n y formaci\u00f3n de la mano de obra se necesitan para prepararse para la revoluci\u00f3n cu\u00e1ntica? \u00bfCu\u00e1les son las consideraciones \u00e9ticas? En el acto intervendr\u00e1n ministros de ciencia, premios Nobel, educadores, cient\u00edficos sociales y otros.      <\/p>\n<div class=\"wp-block-image\">\n<figure class=\"aligncenter size-large\"><a href=\"https:\/\/quantum2025.org\/wp-content\/uploads\/2025\/01\/7_1_pt.dczt_.qqhj_.figures.online.f2.jpeg\"><img fetchpriority=\"high\" decoding=\"async\" width=\"1024\" height=\"690\" src=\"https:\/\/quantum2025.org\/wp-content\/uploads\/2025\/01\/7_1_pt.dczt_.qqhj_.figures.online.f2-1024x690.jpeg\" alt=\"\" class=\"wp-image-4103\" srcset=\"https:\/\/quantum2025.org\/wp-content\/uploads\/2025\/01\/7_1_pt.dczt_.qqhj_.figures.online.f2-1024x690.jpeg 1024w, https:\/\/quantum2025.org\/wp-content\/uploads\/2025\/01\/7_1_pt.dczt_.qqhj_.figures.online.f2-300x202.jpeg 300w, https:\/\/quantum2025.org\/wp-content\/uploads\/2025\/01\/7_1_pt.dczt_.qqhj_.figures.online.f2-768x518.jpeg 768w, https:\/\/quantum2025.org\/wp-content\/uploads\/2025\/01\/7_1_pt.dczt_.qqhj_.figures.online.f2-1536x1035.jpeg 1536w, https:\/\/quantum2025.org\/wp-content\/uploads\/2025\/01\/7_1_pt.dczt_.qqhj_.figures.online.f2-2048x1381.jpeg 2048w\" sizes=\"(max-width: 1024px) 100vw, 1024px\" \/><\/a><figcaption class=\"wp-element-caption\"><strong>En el juego de la diplomacia cu\u00e1ntica<\/strong>, los responsables pol\u00edticos utilizan el juego de rol para explorar cuestiones como la forma de fomentar las asociaciones p\u00fablico-privadas y c\u00f3mo hacer que su gobierno sea favorable a la cu\u00e1ntica. El juego fue creado por el Open Quantum Institute, con sede en Ginebra. (Foto de Michael Chiribau, Divisi\u00f3n de Diplomacia Multilateral de UNITAR).  <\/figcaption><\/figure>\n<\/div>\n<p>Los patrocinadores del AIC, que han crecido hasta incluir un par de docenas de sociedades profesionales, fundaciones, universidades y empresas de todo el mundo, est\u00e1n planeando un acto global en cada continente. M\u00e1s all\u00e1 de eso, la idea es galvanizar la organizaci\u00f3n de base de actividades grandes y peque\u00f1as. <\/p>\n\n<p>En marzo, la Sociedad Americana de F\u00edsica organizar\u00e1 actividades para celebrar el AICQ antes y durante su Cumbre Mundial de F\u00edsica en Anaheim, California. Algunas actividades, como un parque infantil cu\u00e1ntico y la b\u00fasqueda del tesoro, estar\u00e1n dirigidas en gran medida a los asistentes a la conferencia, pero muchas ser\u00e1n de cara al p\u00fablico. Los eventos incluir\u00e1n espect\u00e1culos de danza y teatro, exposiciones de arte, una sala de escape y una demostraci\u00f3n en tiempo real de condensados de Bose-Einstein sintetizados a bordo de la Estaci\u00f3n Espacial Internacional.  <\/p>\n\n<p>Uno de los actos mundiales tendr\u00e1 lugar probablemente en Ghana, que, junto con M\u00e9xico, desempe\u00f1\u00f3 un papel clave en la presentaci\u00f3n de la propuesta del AIC a la ONU. Riche-Mike Wellington, persona de contacto de Ghana para el AIC, afirma que se est\u00e1n planificando talleres y conferencias de formaci\u00f3n, campa\u00f1as de concienciaci\u00f3n p\u00fablica y otras actividades en colaboraci\u00f3n con la industria, los educadores y los responsables pol\u00edticos. El objetivo de las actividades del AIC, afirma, es \u00abinspirar a futuros l\u00edderes e innovadores en ciencia cu\u00e1ntica, impulsando el crecimiento econ\u00f3mico y mejorando la calidad de vida de los ghaneses y de los africanos en general\u00bb y salvar la \u00abnotable brecha entre el Norte tecnol\u00f3gicamente rico y el Sur menos desarrollado\u00bb.  <\/p>\n\n<figure class=\"wp-block-gallery has-nested-images columns-default is-cropped wp-block-gallery-1 is-layout-flex wp-block-gallery-is-layout-flex\">\n<figure class=\"wp-block-image size-large\"><img decoding=\"async\" width=\"1024\" height=\"633\" data-id=\"4106\" data-src=\"https:\/\/quantum2025.org\/wp-content\/uploads\/2025\/01\/7_1_pt.dczt_.qqhj_.figures.online.f3-1024x633.jpeg\" alt=\"\" class=\"wp-image-4106 lazyload\" data-srcset=\"https:\/\/quantum2025.org\/wp-content\/uploads\/2025\/01\/7_1_pt.dczt_.qqhj_.figures.online.f3-1024x633.jpeg 1024w, https:\/\/quantum2025.org\/wp-content\/uploads\/2025\/01\/7_1_pt.dczt_.qqhj_.figures.online.f3-300x185.jpeg 300w, https:\/\/quantum2025.org\/wp-content\/uploads\/2025\/01\/7_1_pt.dczt_.qqhj_.figures.online.f3-768x474.jpeg 768w, https:\/\/quantum2025.org\/wp-content\/uploads\/2025\/01\/7_1_pt.dczt_.qqhj_.figures.online.f3-1536x949.jpeg 1536w, https:\/\/quantum2025.org\/wp-content\/uploads\/2025\/01\/7_1_pt.dczt_.qqhj_.figures.online.f3-2048x1265.jpeg 2048w\" data-sizes=\"(max-width: 1024px) 100vw, 1024px\" src=\"data:image\/svg+xml;base64,PHN2ZyB3aWR0aD0iMSIgaGVpZ2h0PSIxIiB4bWxucz0iaHR0cDovL3d3dy53My5vcmcvMjAwMC9zdmciPjwvc3ZnPg==\" style=\"--smush-placeholder-width: 1024px; --smush-placeholder-aspect-ratio: 1024\/633;\" \/><figcaption class=\"wp-element-caption\">A.<\/figcaption><\/figure>\n\n\n\n<figure class=\"wp-block-image size-large\"><img decoding=\"async\" width=\"1024\" height=\"553\" data-id=\"4109\" data-src=\"https:\/\/quantum2025.org\/wp-content\/uploads\/2025\/01\/7_1_pt.dczt_.qqhj_.figures.online.f4-1024x553.jpeg\" alt=\"\" class=\"wp-image-4109 lazyload\" data-srcset=\"https:\/\/quantum2025.org\/wp-content\/uploads\/2025\/01\/7_1_pt.dczt_.qqhj_.figures.online.f4-1024x553.jpeg 1024w, https:\/\/quantum2025.org\/wp-content\/uploads\/2025\/01\/7_1_pt.dczt_.qqhj_.figures.online.f4-300x162.jpeg 300w, https:\/\/quantum2025.org\/wp-content\/uploads\/2025\/01\/7_1_pt.dczt_.qqhj_.figures.online.f4-768x415.jpeg 768w, https:\/\/quantum2025.org\/wp-content\/uploads\/2025\/01\/7_1_pt.dczt_.qqhj_.figures.online.f4-1536x830.jpeg 1536w, https:\/\/quantum2025.org\/wp-content\/uploads\/2025\/01\/7_1_pt.dczt_.qqhj_.figures.online.f4-2048x1107.jpeg 2048w\" data-sizes=\"(max-width: 1024px) 100vw, 1024px\" src=\"data:image\/svg+xml;base64,PHN2ZyB3aWR0aD0iMSIgaGVpZ2h0PSIxIiB4bWxucz0iaHR0cDovL3d3dy53My5vcmcvMjAwMC9zdmciPjwvc3ZnPg==\" style=\"--smush-placeholder-width: 1024px; --smush-placeholder-aspect-ratio: 1024\/553;\" \/><figcaption class=\"wp-element-caption\">B.  <\/figcaption><\/figure>\n\n\n\n<figure class=\"wp-block-image size-large\"><img decoding=\"async\" width=\"1024\" height=\"935\" data-id=\"4112\" data-src=\"https:\/\/quantum2025.org\/wp-content\/uploads\/2025\/01\/7_1_pt.dczt_.qqhj_.figures.online.f5-1024x935.jpeg\" alt=\"\" class=\"wp-image-4112 lazyload\" data-srcset=\"https:\/\/quantum2025.org\/wp-content\/uploads\/2025\/01\/7_1_pt.dczt_.qqhj_.figures.online.f5-1024x935.jpeg 1024w, https:\/\/quantum2025.org\/wp-content\/uploads\/2025\/01\/7_1_pt.dczt_.qqhj_.figures.online.f5-300x274.jpeg 300w, https:\/\/quantum2025.org\/wp-content\/uploads\/2025\/01\/7_1_pt.dczt_.qqhj_.figures.online.f5-768x701.jpeg 768w, https:\/\/quantum2025.org\/wp-content\/uploads\/2025\/01\/7_1_pt.dczt_.qqhj_.figures.online.f5-1536x1403.jpeg 1536w, https:\/\/quantum2025.org\/wp-content\/uploads\/2025\/01\/7_1_pt.dczt_.qqhj_.figures.online.f5.jpeg 1565w\" data-sizes=\"(max-width: 1024px) 100vw, 1024px\" src=\"data:image\/svg+xml;base64,PHN2ZyB3aWR0aD0iMSIgaGVpZ2h0PSIxIiB4bWxucz0iaHR0cDovL3d3dy53My5vcmcvMjAwMC9zdmciPjwvc3ZnPg==\" style=\"--smush-placeholder-width: 1024px; --smush-placeholder-aspect-ratio: 1024\/935;\" \/><figcaption class=\"wp-element-caption\">C.  <\/figcaption><\/figure>\n\n\n\n<figure class=\"wp-block-image size-large\"><img decoding=\"async\" width=\"1024\" height=\"433\" data-id=\"4115\" data-src=\"https:\/\/quantum2025.org\/wp-content\/uploads\/2025\/01\/7_1_pt.dczt_.qqhj_.figures.online.f6-1024x433.jpeg\" alt=\"\" class=\"wp-image-4115 lazyload\" data-srcset=\"https:\/\/quantum2025.org\/wp-content\/uploads\/2025\/01\/7_1_pt.dczt_.qqhj_.figures.online.f6-1024x433.jpeg 1024w, https:\/\/quantum2025.org\/wp-content\/uploads\/2025\/01\/7_1_pt.dczt_.qqhj_.figures.online.f6-300x127.jpeg 300w, https:\/\/quantum2025.org\/wp-content\/uploads\/2025\/01\/7_1_pt.dczt_.qqhj_.figures.online.f6-768x325.jpeg 768w, https:\/\/quantum2025.org\/wp-content\/uploads\/2025\/01\/7_1_pt.dczt_.qqhj_.figures.online.f6-1536x650.jpeg 1536w, https:\/\/quantum2025.org\/wp-content\/uploads\/2025\/01\/7_1_pt.dczt_.qqhj_.figures.online.f6.jpeg 1544w\" data-sizes=\"(max-width: 1024px) 100vw, 1024px\" src=\"data:image\/svg+xml;base64,PHN2ZyB3aWR0aD0iMSIgaGVpZ2h0PSIxIiB4bWxucz0iaHR0cDovL3d3dy53My5vcmcvMjAwMC9zdmciPjwvc3ZnPg==\" style=\"--smush-placeholder-width: 1024px; --smush-placeholder-aspect-ratio: 1024\/433;\" \/><figcaption class=\"wp-element-caption\">D.  <\/figcaption><\/figure>\n\n\n\n<figure class=\"wp-block-image size-large\"><img decoding=\"async\" width=\"1024\" height=\"413\" data-id=\"4118\" data-src=\"https:\/\/quantum2025.org\/wp-content\/uploads\/2025\/01\/7_1_pt.dczt_.qqhj_.figures.online.f7-1024x413.png\" alt=\"\" class=\"wp-image-4118 lazyload\" data-srcset=\"https:\/\/quantum2025.org\/wp-content\/uploads\/2025\/01\/7_1_pt.dczt_.qqhj_.figures.online.f7-1024x413.png 1024w, https:\/\/quantum2025.org\/wp-content\/uploads\/2025\/01\/7_1_pt.dczt_.qqhj_.figures.online.f7-300x121.png 300w, https:\/\/quantum2025.org\/wp-content\/uploads\/2025\/01\/7_1_pt.dczt_.qqhj_.figures.online.f7-768x310.png 768w, https:\/\/quantum2025.org\/wp-content\/uploads\/2025\/01\/7_1_pt.dczt_.qqhj_.figures.online.f7-1536x620.png 1536w, https:\/\/quantum2025.org\/wp-content\/uploads\/2025\/01\/7_1_pt.dczt_.qqhj_.figures.online.f7.png 1548w\" data-sizes=\"(max-width: 1024px) 100vw, 1024px\" src=\"data:image\/svg+xml;base64,PHN2ZyB3aWR0aD0iMSIgaGVpZ2h0PSIxIiB4bWxucz0iaHR0cDovL3d3dy53My5vcmcvMjAwMC9zdmciPjwvc3ZnPg==\" style=\"--smush-placeholder-width: 1024px; --smush-placeholder-aspect-ratio: 1024\/413;\" \/><figcaption class=\"wp-element-caption\">E.  <\/figcaption><\/figure>\n<figcaption class=\"blocks-gallery-caption wp-element-caption\">A. <strong><em>Picocosmos<\/em> (2024)<\/strong>, escultura del artista Edy Fung, emite sonidos utilizando datos de una fuente monofot\u00f3nica del laboratorio de comunicaciones cu\u00e1nticas de la Universidad T\u00e9cnica de Berl\u00edn. La escultura fue expuesta en noviembre por Studio Quantum y la Haus der Kulturen der Welt de Berl\u00edn en un acto para artistas y f\u00edsicos que foment\u00f3 los debates para los actos del AIC. (Foto cortes\u00eda de Edy Fung.)\/ B. <strong>Este mosaico<\/strong> de la d\u00e9cada de 1950 en la Universidad Nacional Aut\u00f3noma de M\u00e9xico explora el pasado y el presente. La pared oriental (en la imagen) retrata el mundo contempor\u00e1neo, con el \u00e1tomo como protagonista. (Foto de Miguel Zorrilla, Direcci\u00f3n General de Bibliotecas y Servicios de Informaci\u00f3n Digital, Universidad Nacional Aut\u00f3noma de M\u00e9xico). C. <strong>En la pieza teatral<\/strong> <em>multimedia El Arte de Procedencia Cuestionable<\/em>, cient\u00edficos y artistas exploran la ciencia de la conciencia y el uso de la ciencia forense para analizar obras de arte. El Centro STAGE de la Universidad de Chicago, que cre\u00f3 y produjo el espect\u00e1culo, est\u00e1 planeando otros proyectos para el IYQ. (Foto de Christopher Ash.). D. <strong>Este mosaico de tapones de botella<\/strong> revela s\u00edmbolos diferentes cuando se expone a distintas longitudes de onda de luz. Los jugadores de la sala de escape LabEscape avanzan resolviendo rompecabezas cu\u00e1nticos como \u00e9ste. (Foto cortes\u00eda de Paul Kwiat.) E. <strong>Una instalaci\u00f3n de luz y sonido<\/strong> de Robert B. Lisek se inspira en los c\u00e1lculos de la teor\u00eda cu\u00e1ntica de campos. El matem\u00e1tico y artista cre\u00f3 la obra el oto\u00f1o pasado como artista residente en la Galer\u00eda de la Ciencia de Bengaluru (India), mientras la galer\u00eda se preparaba para su festival de investigaci\u00f3n IYQ, de un a\u00f1o de duraci\u00f3n. (Foto cortes\u00eda de Robert B. Lisek, <a href=\"https:\/\/robertlisek.com\/\" target=\"_blank\" rel=\"noreferrer noopener\">https:\/\/robertlisek.com.)<\/a>             <br><\/figcaption><\/figure>\n\n<h2 class=\"wp-block-heading\" id=\"90447182\">Actividades de base<\/h2>\n\n<p>En la India, la historiadora de la f\u00edsica y directora de museo Jahnavi Phalkey est\u00e1 planeando un festival cu\u00e1ntico de un a\u00f1o de duraci\u00f3n en la Galer\u00eda de la Ciencia de Bengaluru. Los preparativos comenzaron el oto\u00f1o pasado con un matem\u00e1tico-artista que pas\u00f3 varias semanas en la galer\u00eda creando arte inspirado en la f\u00edsica cu\u00e1ntica. Habr\u00e1 instalaciones, actuaciones y un bar de bebidas, llamado h-bar por la constante de Planck. \u00abEl prop\u00f3sito es crear una sensaci\u00f3n de asombro en torno a la cu\u00e1ntica, no necesariamente explicarla\u00bb, dice Phalkey. \u00abSe trata de recordarnos la pura belleza de lo que la mente es capaz de hacer\u00bb.    <\/p>\n\n<p>Las personas que han participado en el D\u00eda Mundial de la Cu\u00e1ntica, ahora en su cuarto a\u00f1o, tienen un poco de ventaja. La celebraci\u00f3n tiene representantes en m\u00e1s de 60 pa\u00edses. El D\u00eda Mundial de la Cu\u00e1ntica es oficialmente el 14 de abril, pero los actos se celebran en esa fecha y en torno a ella. Las actividades anteriores han incluido concursos de v\u00eddeos explicativos para estudiantes de secundaria, campa\u00f1as para traducir el \u00abD\u00eda Mundial de la Cu\u00e1ntica\u00bb a muchos idiomas, charlas en museos que exploran c\u00f3mo la f\u00edsica cu\u00e1ntica desempe\u00f1a un papel en la vida cotidiana de las personas, y la creaci\u00f3n de contenidos en YouTube y otros medios sociales.   <\/p>\n\n<p>En todo el mundo, personas de escuelas, museos y empresas, entre otros, est\u00e1n organizando conferencias en directo y a distancia, invitando a estudiantes a realizar pr\u00e1cticas en laboratorios que investigan temas relacionados con la cu\u00e1ntica, organizando hackathones y organizando actos en los que interact\u00faan la ciencia y el arte cu\u00e1nticos. Si el A\u00f1o Internacional de la Luz 2015, designado por la ONU, sirve de algo, se esperan m\u00e1s de 13 000 actos este a\u00f1o. Cualquiera puede publicar un acto del AIL o buscar lo que se celebra cerca de su domicilio en <a href=\"https:\/\/quantum2025.org\/en\/event-resource\" target=\"_blank\" rel=\"noreferrer noopener\">https:\/\/quantum2025.org\/en\/event-resource.<\/a>  <\/p>\n\n<hr class=\"wp-block-separator has-alpha-channel-opacity\"\/>\n\n<p>Este art\u00edculo ha sido publicado por el <a href=\"https:\/\/pubs.aip.org\/physicstoday\/article\/78\/1\/7\/3327208\/2025-is-the-International-Year-of-Quantum-Science\" target=\"_blank\" rel=\"noreferrer noopener\">Instituto Americano de F\u00edsica<\/a>.<\/p>\n\n<p><\/p>\n","protected":false},"featured_media":4102,"template":"","keywords":[],"class_list":["post-6678","news-link","type-news-link","status-publish","has-post-thumbnail","hentry"],"acf":[],"yoast_head":"<!-- This site is optimized with the Yoast SEO plugin v27.4 - https:\/\/yoast.com\/product\/yoast-seo-wordpress\/ -->\n<title>2025 es el A\u00f1o Internacional de la Ciencia y la Tecnolog\u00eda Cu\u00e1nticas - IYQ 2025<\/title>\n<meta name=\"description\" content=\"Demostraciones pr\u00e1cticas de entrelazamiento cu\u00e1ntico, juegos de rol de diplomacia, fiestas a escala continental y m\u00e1s actividades para el A\u00f1o Internacional de la Ciencia y la Tecnolog\u00eda Cu\u00e1nticas (IYQ) est\u00e1n cobrando forma. El pasado mes de junio, las Naciones Unidas declararon 2025 A\u00f1o Internacional de la Ciencia y la Tecnolog\u00eda Cu\u00e1nticas; desde entonces, cient\u00edficos, educadores y amantes de la ciencia han estado bullendo de ideas sobre c\u00f3mo celebrar el siglo pasado de f\u00edsica cu\u00e1ntica y sus aplicaciones y mirar hacia el pr\u00f3ximo.\" \/>\n<meta name=\"robots\" content=\"index, follow, max-snippet:-1, max-image-preview:large, max-video-preview:-1\" \/>\n<meta property=\"og:locale\" content=\"es_ES\" \/>\n<meta property=\"og:type\" content=\"article\" \/>\n<meta property=\"og:title\" content=\"2025 es el A\u00f1o Internacional de la Ciencia y la Tecnolog\u00eda Cu\u00e1nticas - IYQ 2025\" \/>\n<meta property=\"og:description\" content=\"Demostraciones pr\u00e1cticas de entrelazamiento cu\u00e1ntico, juegos de rol de diplomacia, fiestas a escala continental y m\u00e1s actividades para el A\u00f1o Internacional de la Ciencia y la Tecnolog\u00eda Cu\u00e1nticas (IYQ) est\u00e1n cobrando forma. El pasado mes de junio, las Naciones Unidas declararon 2025 A\u00f1o Internacional de la Ciencia y la Tecnolog\u00eda Cu\u00e1nticas; desde entonces, cient\u00edficos, educadores y amantes de la ciencia han estado bullendo de ideas sobre c\u00f3mo celebrar el siglo pasado de f\u00edsica cu\u00e1ntica y sus aplicaciones y mirar hacia el pr\u00f3ximo.\" \/>\n<meta property=\"og:url\" content=\"https:\/\/quantum2025.org\/es\/news-link\/2025-es-el-ano-internacional-de-la-ciencia-y-la-tecnologia-cuanticas\/\" \/>\n<meta property=\"og:site_name\" content=\"IYQ 2025\" \/>\n<meta property=\"article:publisher\" content=\"https:\/\/www.facebook.com\/quantumyear2025\" \/>\n<meta property=\"article:modified_time\" content=\"2025-06-03T07:26:41+00:00\" \/>\n<meta property=\"og:image\" content=\"https:\/\/quantum2025.org\/wp-content\/uploads\/2025\/01\/Picture1-e1748935577220.png\" \/>\n\t<meta property=\"og:image:width\" content=\"675\" \/>\n\t<meta property=\"og:image:height\" content=\"310\" \/>\n\t<meta property=\"og:image:type\" content=\"image\/png\" \/>\n<meta name=\"twitter:card\" content=\"summary_large_image\" \/>\n<meta name=\"twitter:site\" content=\"@QuantumYear2025\" \/>\n<meta name=\"twitter:label1\" content=\"Est. reading time\" \/>\n\t<meta name=\"twitter:data1\" content=\"8 minutos\" \/>\n<script type=\"application\/ld+json\" class=\"yoast-schema-graph\">{\"@context\":\"https:\\\/\\\/schema.org\",\"@graph\":[{\"@type\":\"WebPage\",\"@id\":\"https:\\\/\\\/quantum2025.org\\\/es\\\/news-link\\\/2025-es-el-ano-internacional-de-la-ciencia-y-la-tecnologia-cuanticas\\\/\",\"url\":\"https:\\\/\\\/quantum2025.org\\\/es\\\/news-link\\\/2025-es-el-ano-internacional-de-la-ciencia-y-la-tecnologia-cuanticas\\\/\",\"name\":\"2025 es el A\u00f1o Internacional de la Ciencia y la Tecnolog\u00eda Cu\u00e1nticas - IYQ 2025\",\"isPartOf\":{\"@id\":\"https:\\\/\\\/quantum2025.org\\\/#website\"},\"primaryImageOfPage\":{\"@id\":\"https:\\\/\\\/quantum2025.org\\\/es\\\/news-link\\\/2025-es-el-ano-internacional-de-la-ciencia-y-la-tecnologia-cuanticas\\\/#primaryimage\"},\"image\":{\"@id\":\"https:\\\/\\\/quantum2025.org\\\/es\\\/news-link\\\/2025-es-el-ano-internacional-de-la-ciencia-y-la-tecnologia-cuanticas\\\/#primaryimage\"},\"thumbnailUrl\":\"https:\\\/\\\/quantum2025.org\\\/wp-content\\\/uploads\\\/2025\\\/01\\\/Picture1-e1748935577220.png\",\"datePublished\":\"2025-01-31T18:08:50+00:00\",\"dateModified\":\"2025-06-03T07:26:41+00:00\",\"description\":\"Demostraciones pr\u00e1cticas de entrelazamiento cu\u00e1ntico, juegos de rol de diplomacia, fiestas a escala continental y m\u00e1s actividades para el A\u00f1o Internacional de la Ciencia y la Tecnolog\u00eda Cu\u00e1nticas (IYQ) est\u00e1n cobrando forma. El pasado mes de junio, las Naciones Unidas declararon 2025 A\u00f1o Internacional de la Ciencia y la Tecnolog\u00eda Cu\u00e1nticas; desde entonces, cient\u00edficos, educadores y amantes de la ciencia han estado bullendo de ideas sobre c\u00f3mo celebrar el siglo pasado de f\u00edsica cu\u00e1ntica y sus aplicaciones y mirar hacia el pr\u00f3ximo.\",\"breadcrumb\":{\"@id\":\"https:\\\/\\\/quantum2025.org\\\/es\\\/news-link\\\/2025-es-el-ano-internacional-de-la-ciencia-y-la-tecnologia-cuanticas\\\/#breadcrumb\"},\"inLanguage\":\"es\",\"potentialAction\":[{\"@type\":\"ReadAction\",\"target\":[\"https:\\\/\\\/quantum2025.org\\\/es\\\/news-link\\\/2025-es-el-ano-internacional-de-la-ciencia-y-la-tecnologia-cuanticas\\\/\"]}]},{\"@type\":\"ImageObject\",\"inLanguage\":\"es\",\"@id\":\"https:\\\/\\\/quantum2025.org\\\/es\\\/news-link\\\/2025-es-el-ano-internacional-de-la-ciencia-y-la-tecnologia-cuanticas\\\/#primaryimage\",\"url\":\"https:\\\/\\\/quantum2025.org\\\/wp-content\\\/uploads\\\/2025\\\/01\\\/Picture1-e1748935577220.png\",\"contentUrl\":\"https:\\\/\\\/quantum2025.org\\\/wp-content\\\/uploads\\\/2025\\\/01\\\/Picture1-e1748935577220.png\",\"width\":675,\"height\":310},{\"@type\":\"BreadcrumbList\",\"@id\":\"https:\\\/\\\/quantum2025.org\\\/es\\\/news-link\\\/2025-es-el-ano-internacional-de-la-ciencia-y-la-tecnologia-cuanticas\\\/#breadcrumb\",\"itemListElement\":[{\"@type\":\"ListItem\",\"position\":1,\"name\":\"Home\",\"item\":\"https:\\\/\\\/quantum2025.org\\\/\"},{\"@type\":\"ListItem\",\"position\":2,\"name\":\"News External Links\",\"item\":\"https:\\\/\\\/quantum2025.org\\\/news-post\\\/\"},{\"@type\":\"ListItem\",\"position\":3,\"name\":\"2025 es el A\u00f1o Internacional de la Ciencia y la Tecnolog\u00eda Cu\u00e1nticas\"}]},{\"@type\":\"WebSite\",\"@id\":\"https:\\\/\\\/quantum2025.org\\\/#website\",\"url\":\"https:\\\/\\\/quantum2025.org\\\/\",\"name\":\"IYQ 2025\",\"description\":\"International Year of Quantum\",\"potentialAction\":[{\"@type\":\"SearchAction\",\"target\":{\"@type\":\"EntryPoint\",\"urlTemplate\":\"https:\\\/\\\/quantum2025.org\\\/?s={search_term_string}\"},\"query-input\":{\"@type\":\"PropertyValueSpecification\",\"valueRequired\":true,\"valueName\":\"search_term_string\"}}],\"inLanguage\":\"es\"}]}<\/script>\n<!-- \/ Yoast SEO plugin. -->","yoast_head_json":{"title":"2025 es el A\u00f1o Internacional de la Ciencia y la Tecnolog\u00eda Cu\u00e1nticas - IYQ 2025","description":"Demostraciones pr\u00e1cticas de entrelazamiento cu\u00e1ntico, juegos de rol de diplomacia, fiestas a escala continental y m\u00e1s actividades para el A\u00f1o Internacional de la Ciencia y la Tecnolog\u00eda Cu\u00e1nticas (IYQ) est\u00e1n cobrando forma. El pasado mes de junio, las Naciones Unidas declararon 2025 A\u00f1o Internacional de la Ciencia y la Tecnolog\u00eda Cu\u00e1nticas; desde entonces, cient\u00edficos, educadores y amantes de la ciencia han estado bullendo de ideas sobre c\u00f3mo celebrar el siglo pasado de f\u00edsica cu\u00e1ntica y sus aplicaciones y mirar hacia el pr\u00f3ximo.","robots":{"index":"index","follow":"follow","max-snippet":"max-snippet:-1","max-image-preview":"max-image-preview:large","max-video-preview":"max-video-preview:-1"},"og_locale":"es_ES","og_type":"article","og_title":"2025 es el A\u00f1o Internacional de la Ciencia y la Tecnolog\u00eda Cu\u00e1nticas - IYQ 2025","og_description":"Demostraciones pr\u00e1cticas de entrelazamiento cu\u00e1ntico, juegos de rol de diplomacia, fiestas a escala continental y m\u00e1s actividades para el A\u00f1o Internacional de la Ciencia y la Tecnolog\u00eda Cu\u00e1nticas (IYQ) est\u00e1n cobrando forma. El pasado mes de junio, las Naciones Unidas declararon 2025 A\u00f1o Internacional de la Ciencia y la Tecnolog\u00eda Cu\u00e1nticas; desde entonces, cient\u00edficos, educadores y amantes de la ciencia han estado bullendo de ideas sobre c\u00f3mo celebrar el siglo pasado de f\u00edsica cu\u00e1ntica y sus aplicaciones y mirar hacia el pr\u00f3ximo.","og_url":"https:\/\/quantum2025.org\/es\/news-link\/2025-es-el-ano-internacional-de-la-ciencia-y-la-tecnologia-cuanticas\/","og_site_name":"IYQ 2025","article_publisher":"https:\/\/www.facebook.com\/quantumyear2025","article_modified_time":"2025-06-03T07:26:41+00:00","og_image":[{"width":675,"height":310,"url":"https:\/\/quantum2025.org\/wp-content\/uploads\/2025\/01\/Picture1-e1748935577220.png","type":"image\/png"}],"twitter_card":"summary_large_image","twitter_site":"@QuantumYear2025","twitter_misc":{"Est. reading time":"8 minutos"},"schema":{"@context":"https:\/\/schema.org","@graph":[{"@type":"WebPage","@id":"https:\/\/quantum2025.org\/es\/news-link\/2025-es-el-ano-internacional-de-la-ciencia-y-la-tecnologia-cuanticas\/","url":"https:\/\/quantum2025.org\/es\/news-link\/2025-es-el-ano-internacional-de-la-ciencia-y-la-tecnologia-cuanticas\/","name":"2025 es el A\u00f1o Internacional de la Ciencia y la Tecnolog\u00eda Cu\u00e1nticas - IYQ 2025","isPartOf":{"@id":"https:\/\/quantum2025.org\/#website"},"primaryImageOfPage":{"@id":"https:\/\/quantum2025.org\/es\/news-link\/2025-es-el-ano-internacional-de-la-ciencia-y-la-tecnologia-cuanticas\/#primaryimage"},"image":{"@id":"https:\/\/quantum2025.org\/es\/news-link\/2025-es-el-ano-internacional-de-la-ciencia-y-la-tecnologia-cuanticas\/#primaryimage"},"thumbnailUrl":"https:\/\/quantum2025.org\/wp-content\/uploads\/2025\/01\/Picture1-e1748935577220.png","datePublished":"2025-01-31T18:08:50+00:00","dateModified":"2025-06-03T07:26:41+00:00","description":"Demostraciones pr\u00e1cticas de entrelazamiento cu\u00e1ntico, juegos de rol de diplomacia, fiestas a escala continental y m\u00e1s actividades para el A\u00f1o Internacional de la Ciencia y la Tecnolog\u00eda Cu\u00e1nticas (IYQ) est\u00e1n cobrando forma. El pasado mes de junio, las Naciones Unidas declararon 2025 A\u00f1o Internacional de la Ciencia y la Tecnolog\u00eda Cu\u00e1nticas; desde entonces, cient\u00edficos, educadores y amantes de la ciencia han estado bullendo de ideas sobre c\u00f3mo celebrar el siglo pasado de f\u00edsica cu\u00e1ntica y sus aplicaciones y mirar hacia el pr\u00f3ximo.","breadcrumb":{"@id":"https:\/\/quantum2025.org\/es\/news-link\/2025-es-el-ano-internacional-de-la-ciencia-y-la-tecnologia-cuanticas\/#breadcrumb"},"inLanguage":"es","potentialAction":[{"@type":"ReadAction","target":["https:\/\/quantum2025.org\/es\/news-link\/2025-es-el-ano-internacional-de-la-ciencia-y-la-tecnologia-cuanticas\/"]}]},{"@type":"ImageObject","inLanguage":"es","@id":"https:\/\/quantum2025.org\/es\/news-link\/2025-es-el-ano-internacional-de-la-ciencia-y-la-tecnologia-cuanticas\/#primaryimage","url":"https:\/\/quantum2025.org\/wp-content\/uploads\/2025\/01\/Picture1-e1748935577220.png","contentUrl":"https:\/\/quantum2025.org\/wp-content\/uploads\/2025\/01\/Picture1-e1748935577220.png","width":675,"height":310},{"@type":"BreadcrumbList","@id":"https:\/\/quantum2025.org\/es\/news-link\/2025-es-el-ano-internacional-de-la-ciencia-y-la-tecnologia-cuanticas\/#breadcrumb","itemListElement":[{"@type":"ListItem","position":1,"name":"Home","item":"https:\/\/quantum2025.org\/"},{"@type":"ListItem","position":2,"name":"News External Links","item":"https:\/\/quantum2025.org\/news-post\/"},{"@type":"ListItem","position":3,"name":"2025 es el A\u00f1o Internacional de la Ciencia y la Tecnolog\u00eda Cu\u00e1nticas"}]},{"@type":"WebSite","@id":"https:\/\/quantum2025.org\/#website","url":"https:\/\/quantum2025.org\/","name":"IYQ 2025","description":"International Year of Quantum","potentialAction":[{"@type":"SearchAction","target":{"@type":"EntryPoint","urlTemplate":"https:\/\/quantum2025.org\/?s={search_term_string}"},"query-input":{"@type":"PropertyValueSpecification","valueRequired":true,"valueName":"search_term_string"}}],"inLanguage":"es"}]}},"_links":{"self":[{"href":"https:\/\/quantum2025.org\/es\/wp-json\/wp\/v2\/news-link\/6678","targetHints":{"allow":["GET"]}}],"collection":[{"href":"https:\/\/quantum2025.org\/es\/wp-json\/wp\/v2\/news-link"}],"about":[{"href":"https:\/\/quantum2025.org\/es\/wp-json\/wp\/v2\/types\/news-link"}],"wp:featuredmedia":[{"embeddable":true,"href":"https:\/\/quantum2025.org\/es\/wp-json\/wp\/v2\/media\/4102"}],"wp:attachment":[{"href":"https:\/\/quantum2025.org\/es\/wp-json\/wp\/v2\/media?parent=6678"}],"wp:term":[{"taxonomy":"keywords","embeddable":true,"href":"https:\/\/quantum2025.org\/es\/wp-json\/wp\/v2\/keywords?post=6678"}],"curies":[{"name":"wp","href":"https:\/\/api.w.org\/{rel}","templated":true}]}}