{"id":6644,"date":"2025-03-05T16:16:50","date_gmt":"2025-03-05T16:16:50","guid":{"rendered":"https:\/\/quantum2025.org\/news-link\/la-oqi-y-la-unesco-celebran-el-ano-internacional-de-la-cuantica-en-ginebra\/"},"modified":"2025-06-03T06:04:13","modified_gmt":"2025-06-03T06:04:13","slug":"la-oqi-y-la-unesco-celebran-el-ano-internacional-de-la-cuantica-en-ginebra","status":"publish","type":"news-link","link":"https:\/\/quantum2025.org\/es\/news-link\/la-oqi-y-la-unesco-celebran-el-ano-internacional-de-la-cuantica-en-ginebra\/","title":{"rendered":"La OQI y la UNESCO celebran el A\u00f1o Internacional de la Cu\u00e1ntica en Ginebra"},"content":{"rendered":"\n<p>El 21 de febrero de 2025, m\u00e1s de 100 personas -entre ellas responsables pol\u00edticos, diplom\u00e1ticos, cient\u00edficos y educadores- se reunieron para celebrar el lanzamiento del A\u00f1o Internacional de la Ciencia y la Tecnolog\u00eda Cu\u00e1nticas (AIC) en Ginebra, tras la Ceremonia de Inauguraci\u00f3n oficial celebrada en la sede de la UNESCO en Par\u00eds a principios de este mes. Coorganizada por la OQI y la UNESCO, la celebraci\u00f3n tuvo lugar en el Conservatorio de M\u00fasica de Ginebra como uno de los actos mundiales reconocidos del AIC en 2025.  <\/p>\n\n<p>Con actuaciones de m\u00fasicos del Conservatorio que entrelazaron ciencia y cultura, el acto puso de relieve el impacto social del desarrollo de la tecnolog\u00eda cu\u00e1ntica. Con una serie de mesas redondas, los diplom\u00e1ticos entablaron un di\u00e1logo sobre el impacto social global de la ciencia y la tecnolog\u00eda cu\u00e1nticas, examinando los retos y oportunidades que presenta la tecnolog\u00eda a escala nacional e internacional. Un panel cient\u00edfico abord\u00f3 las lagunas actuales en la educaci\u00f3n cu\u00e1ntica y explor\u00f3 estrategias sobre c\u00f3mo mejorar las oportunidades de aprendizaje global.  <\/p>\n\n<p>\u00abCon la inauguraci\u00f3n del AIC en Ginebra, la UNESCO y el Open Quantum Institute reafirmamos nuestro compromiso de fomentar la cooperaci\u00f3n multilateral, sensibilizar a la opini\u00f3n p\u00fablica e impulsar la acci\u00f3n colectiva para garantizar que los avances en las tecnolog\u00edas cu\u00e1nticas sigan siendo inclusivos, seguros y beneficiosos para la humanidad\u00bb, declar\u00f3 Enrica Porcari, Directora de TI del CERN. <\/p>\n\n<h2 class=\"wp-block-heading\"><strong>Una llamada a la acci\u00f3n<\/strong><\/h2>\n\n<p>Durante el acto, la OQI y la UNESCO hicieron un llamamiento a todas las partes interesadas -de los Estados miembros, las instituciones cient\u00edficas, el mundo acad\u00e9mico, la sociedad civil y muchos otros- para que colaboren activamente en la realizaci\u00f3n del potencial de la ciencia y la tecnolog\u00eda cu\u00e1nticas para hacer frente a los retos mundiales, respetando al mismo tiempo los principios \u00e9ticos y de derechos humanos. Este <a href=\"https:\/\/open-quantum-institute.cern\/join-oqi-and-unescos-call-to-action-to-engage-in-the-international-year-of-quantum-to-advance-quantum-technology-for-the-benefit-of-all\/\" target=\"_blank\" rel=\"noreferrer noopener\">llamamiento a la acci\u00f3n<\/a> anima a todos a participar en el A\u00f1o Internacional de la Cu\u00e1ntica y a avanzar en el desarrollo de la tecnolog\u00eda cu\u00e1ntica en beneficio de la humanidad. <\/p>\n\n<p>A lo largo de 2025, OQI organizar\u00e1 iniciativas globales clave, como actos regionales, <a href=\"https:\/\/open-quantum-institute.cern\/hackathon-in-a-box\/\">hackathones<\/a> y el <a href=\"https:\/\/open-quantum-institute.cern\/education\/\">Juego de la Diplomacia Cu\u00e1ntica<\/a> en varios continentes. <a href=\"https:\/\/open-quantum-institute.cern\/\">Inf\u00f3rmate sobre nuestros pr\u00f3ximos planes y sobre c\u00f3mo puedes participar. <\/a> <\/p>\n\n<p>Como acontecimiento mundial del AIC oficialmente reconocido, la OQI y la UNESCO desean agradecer el apoyo de todos los <a href=\"https:\/\/quantum2025.org\/es\/socios\/\">socios del AIC.<\/a><\/p>\n\n<figure class=\"wp-block-gallery has-nested-images columns-default is-cropped wp-block-gallery-1 is-layout-flex wp-block-gallery-is-layout-flex\">\n<figure class=\"wp-block-image size-large\"><img fetchpriority=\"high\" decoding=\"async\" width=\"1024\" height=\"683\" data-id=\"4512\" src=\"https:\/\/quantum2025.org\/wp-content\/uploads\/2025\/03\/Marc_Bader_imgc2460-1024x683.jpg\" alt=\"\" class=\"wp-image-4512\" srcset=\"https:\/\/quantum2025.org\/wp-content\/uploads\/2025\/03\/Marc_Bader_imgc2460-1024x683.jpg 1024w, https:\/\/quantum2025.org\/wp-content\/uploads\/2025\/03\/Marc_Bader_imgc2460-300x200.jpg 300w, https:\/\/quantum2025.org\/wp-content\/uploads\/2025\/03\/Marc_Bader_imgc2460-768x512.jpg 768w, https:\/\/quantum2025.org\/wp-content\/uploads\/2025\/03\/Marc_Bader_imgc2460.jpg 1079w\" sizes=\"(max-width: 1024px) 100vw, 1024px\" \/><\/figure>\n\n\n\n<figure class=\"wp-block-image size-large\"><img decoding=\"async\" width=\"1020\" height=\"720\" data-id=\"4509\" data-src=\"https:\/\/quantum2025.org\/wp-content\/uploads\/2025\/03\/Marc_Bader_imgc2758.jpg\" alt=\"\" class=\"wp-image-4509 lazyload\" data-srcset=\"https:\/\/quantum2025.org\/wp-content\/uploads\/2025\/03\/Marc_Bader_imgc2758.jpg 1020w, https:\/\/quantum2025.org\/wp-content\/uploads\/2025\/03\/Marc_Bader_imgc2758-300x212.jpg 300w, https:\/\/quantum2025.org\/wp-content\/uploads\/2025\/03\/Marc_Bader_imgc2758-768x542.jpg 768w\" data-sizes=\"(max-width: 1020px) 100vw, 1020px\" src=\"data:image\/svg+xml;base64,PHN2ZyB3aWR0aD0iMSIgaGVpZ2h0PSIxIiB4bWxucz0iaHR0cDovL3d3dy53My5vcmcvMjAwMC9zdmciPjwvc3ZnPg==\" style=\"--smush-placeholder-width: 1020px; --smush-placeholder-aspect-ratio: 1020\/720;\" \/><\/figure>\n\n\n\n<figure class=\"wp-block-image size-large\"><img decoding=\"async\" width=\"1024\" height=\"688\" data-id=\"4516\" data-src=\"https:\/\/quantum2025.org\/wp-content\/uploads\/2025\/03\/Marc_Bader_imgc2932-1024x688.jpg\" alt=\"\" class=\"wp-image-4516 lazyload\" data-srcset=\"https:\/\/quantum2025.org\/wp-content\/uploads\/2025\/03\/Marc_Bader_imgc2932-1024x688.jpg 1024w, https:\/\/quantum2025.org\/wp-content\/uploads\/2025\/03\/Marc_Bader_imgc2932-300x201.jpg 300w, https:\/\/quantum2025.org\/wp-content\/uploads\/2025\/03\/Marc_Bader_imgc2932-768x516.jpg 768w, https:\/\/quantum2025.org\/wp-content\/uploads\/2025\/03\/Marc_Bader_imgc2932.jpg 1072w\" data-sizes=\"(max-width: 1024px) 100vw, 1024px\" src=\"data:image\/svg+xml;base64,PHN2ZyB3aWR0aD0iMSIgaGVpZ2h0PSIxIiB4bWxucz0iaHR0cDovL3d3dy53My5vcmcvMjAwMC9zdmciPjwvc3ZnPg==\" style=\"--smush-placeholder-width: 1024px; --smush-placeholder-aspect-ratio: 1024\/688;\" \/><\/figure>\n\n\n\n<figure class=\"wp-block-image size-large\"><img decoding=\"async\" width=\"1024\" height=\"683\" data-id=\"4515\" data-src=\"https:\/\/quantum2025.org\/wp-content\/uploads\/2025\/03\/Marc_Bader_imgc2988-1024x683.jpg\" alt=\"\" class=\"wp-image-4515 lazyload\" data-srcset=\"https:\/\/quantum2025.org\/wp-content\/uploads\/2025\/03\/Marc_Bader_imgc2988-1024x683.jpg 1024w, https:\/\/quantum2025.org\/wp-content\/uploads\/2025\/03\/Marc_Bader_imgc2988-300x200.jpg 300w, https:\/\/quantum2025.org\/wp-content\/uploads\/2025\/03\/Marc_Bader_imgc2988-768x512.jpg 768w, https:\/\/quantum2025.org\/wp-content\/uploads\/2025\/03\/Marc_Bader_imgc2988.jpg 1080w\" data-sizes=\"(max-width: 1024px) 100vw, 1024px\" src=\"data:image\/svg+xml;base64,PHN2ZyB3aWR0aD0iMSIgaGVpZ2h0PSIxIiB4bWxucz0iaHR0cDovL3d3dy53My5vcmcvMjAwMC9zdmciPjwvc3ZnPg==\" style=\"--smush-placeholder-width: 1024px; --smush-placeholder-aspect-ratio: 1024\/683;\" \/><\/figure>\n\n\n\n<figure class=\"wp-block-image size-large\"><img decoding=\"async\" width=\"1024\" height=\"683\" data-id=\"4522\" data-src=\"https:\/\/quantum2025.org\/wp-content\/uploads\/2025\/03\/Marc_Bader_imgc3084-1024x683.jpg\" alt=\"\" class=\"wp-image-4522 lazyload\" data-srcset=\"https:\/\/quantum2025.org\/wp-content\/uploads\/2025\/03\/Marc_Bader_imgc3084-1024x683.jpg 1024w, https:\/\/quantum2025.org\/wp-content\/uploads\/2025\/03\/Marc_Bader_imgc3084-300x200.jpg 300w, https:\/\/quantum2025.org\/wp-content\/uploads\/2025\/03\/Marc_Bader_imgc3084-768x512.jpg 768w, https:\/\/quantum2025.org\/wp-content\/uploads\/2025\/03\/Marc_Bader_imgc3084.jpg 1079w\" data-sizes=\"(max-width: 1024px) 100vw, 1024px\" src=\"data:image\/svg+xml;base64,PHN2ZyB3aWR0aD0iMSIgaGVpZ2h0PSIxIiB4bWxucz0iaHR0cDovL3d3dy53My5vcmcvMjAwMC9zdmciPjwvc3ZnPg==\" style=\"--smush-placeholder-width: 1024px; --smush-placeholder-aspect-ratio: 1024\/683;\" \/><\/figure>\n\n\n\n<figure class=\"wp-block-image size-large\"><img decoding=\"async\" width=\"956\" height=\"720\" data-id=\"4519\" data-src=\"https:\/\/quantum2025.org\/wp-content\/uploads\/2025\/03\/Marc_Bader_imgc3169.jpg\" alt=\"\" class=\"wp-image-4519 lazyload\" data-srcset=\"https:\/\/quantum2025.org\/wp-content\/uploads\/2025\/03\/Marc_Bader_imgc3169.jpg 956w, https:\/\/quantum2025.org\/wp-content\/uploads\/2025\/03\/Marc_Bader_imgc3169-300x226.jpg 300w, https:\/\/quantum2025.org\/wp-content\/uploads\/2025\/03\/Marc_Bader_imgc3169-768x578.jpg 768w\" data-sizes=\"(max-width: 956px) 100vw, 956px\" src=\"data:image\/svg+xml;base64,PHN2ZyB3aWR0aD0iMSIgaGVpZ2h0PSIxIiB4bWxucz0iaHR0cDovL3d3dy53My5vcmcvMjAwMC9zdmciPjwvc3ZnPg==\" style=\"--smush-placeholder-width: 956px; --smush-placeholder-aspect-ratio: 956\/720;\" \/><\/figure>\n\n\n\n<figure class=\"wp-block-image size-large\"><img decoding=\"async\" width=\"1024\" height=\"683\" data-id=\"4527\" data-src=\"https:\/\/quantum2025.org\/wp-content\/uploads\/2025\/03\/Marc_Bader_imgc3874-1024x683.jpg\" alt=\"\" class=\"wp-image-4527 lazyload\" data-srcset=\"https:\/\/quantum2025.org\/wp-content\/uploads\/2025\/03\/Marc_Bader_imgc3874-1024x683.jpg 1024w, https:\/\/quantum2025.org\/wp-content\/uploads\/2025\/03\/Marc_Bader_imgc3874-300x200.jpg 300w, https:\/\/quantum2025.org\/wp-content\/uploads\/2025\/03\/Marc_Bader_imgc3874-768x512.jpg 768w, https:\/\/quantum2025.org\/wp-content\/uploads\/2025\/03\/Marc_Bader_imgc3874.jpg 1079w\" data-sizes=\"(max-width: 1024px) 100vw, 1024px\" src=\"data:image\/svg+xml;base64,PHN2ZyB3aWR0aD0iMSIgaGVpZ2h0PSIxIiB4bWxucz0iaHR0cDovL3d3dy53My5vcmcvMjAwMC9zdmciPjwvc3ZnPg==\" style=\"--smush-placeholder-width: 1024px; --smush-placeholder-aspect-ratio: 1024\/683;\" \/><\/figure>\n\n\n\n<figure class=\"wp-block-image size-large\"><img decoding=\"async\" width=\"1024\" height=\"683\" data-id=\"4530\" data-src=\"https:\/\/quantum2025.org\/wp-content\/uploads\/2025\/03\/Marc_Bader_imgc6218-1024x683.jpg\" alt=\"\" class=\"wp-image-4530 lazyload\" data-srcset=\"https:\/\/quantum2025.org\/wp-content\/uploads\/2025\/03\/Marc_Bader_imgc6218-1024x683.jpg 1024w, https:\/\/quantum2025.org\/wp-content\/uploads\/2025\/03\/Marc_Bader_imgc6218-300x200.jpg 300w, https:\/\/quantum2025.org\/wp-content\/uploads\/2025\/03\/Marc_Bader_imgc6218-768x512.jpg 768w, https:\/\/quantum2025.org\/wp-content\/uploads\/2025\/03\/Marc_Bader_imgc6218.jpg 1079w\" data-sizes=\"(max-width: 1024px) 100vw, 1024px\" src=\"data:image\/svg+xml;base64,PHN2ZyB3aWR0aD0iMSIgaGVpZ2h0PSIxIiB4bWxucz0iaHR0cDovL3d3dy53My5vcmcvMjAwMC9zdmciPjwvc3ZnPg==\" style=\"--smush-placeholder-width: 1024px; --smush-placeholder-aspect-ratio: 1024\/683;\" \/><\/figure>\n<\/figure>\n\n<p><\/p>\n\n<hr class=\"wp-block-separator has-alpha-channel-opacity\"\/>\n\n<p><em>Todas las fotos son de Marc Bader<\/em>.<\/p>\n\n<p>Este art\u00edculo se public\u00f3 en el <a href=\"https:\/\/open-quantum-institute.cern\/oqi-and-unesco-celebrate-the-international-year-of-quantum-in-geneva\/\">sitio web de OQI<\/a>.<\/p>\n","protected":false},"featured_media":4508,"template":"","keywords":[],"class_list":["post-6644","news-link","type-news-link","status-publish","has-post-thumbnail","hentry"],"acf":[],"yoast_head":"<!-- This site is optimized with the Yoast SEO plugin v27.4 - https:\/\/yoast.com\/product\/yoast-seo-wordpress\/ -->\n<title>La OQI y la UNESCO celebran el A\u00f1o Internacional de la Cu\u00e1ntica en Ginebra - IYQ 2025<\/title>\n<meta name=\"description\" content=\"El 21 de febrero de 2025, m\u00e1s de 100 personas -entre ellas responsables pol\u00edticos, diplom\u00e1ticos, cient\u00edficos y educadores- se reunieron para celebrar el lanzamiento del A\u00f1o Internacional de la Ciencia y la Tecnolog\u00eda Cu\u00e1nticas (AIC) en Ginebra, tras la Ceremonia de Inauguraci\u00f3n oficial celebrada en la sede de la UNESCO en Par\u00eds a principios de este mes. Coorganizada por la OQI y la UNESCO, la celebraci\u00f3n tuvo lugar en el Conservatorio de M\u00fasica de Ginebra como uno de los actos mundiales reconocidos del AIC en 2025.\" \/>\n<meta name=\"robots\" content=\"index, follow, max-snippet:-1, max-image-preview:large, max-video-preview:-1\" \/>\n<meta property=\"og:locale\" content=\"es_ES\" \/>\n<meta property=\"og:type\" content=\"article\" \/>\n<meta property=\"og:title\" content=\"La OQI y la UNESCO celebran el A\u00f1o Internacional de la Cu\u00e1ntica en Ginebra - IYQ 2025\" \/>\n<meta property=\"og:description\" content=\"El 21 de febrero de 2025, m\u00e1s de 100 personas -entre ellas responsables pol\u00edticos, diplom\u00e1ticos, cient\u00edficos y educadores- se reunieron para celebrar el lanzamiento del A\u00f1o Internacional de la Ciencia y la Tecnolog\u00eda Cu\u00e1nticas (AIC) en Ginebra, tras la Ceremonia de Inauguraci\u00f3n oficial celebrada en la sede de la UNESCO en Par\u00eds a principios de este mes. Coorganizada por la OQI y la UNESCO, la celebraci\u00f3n tuvo lugar en el Conservatorio de M\u00fasica de Ginebra como uno de los actos mundiales reconocidos del AIC en 2025.\" \/>\n<meta property=\"og:url\" content=\"https:\/\/quantum2025.org\/es\/news-link\/la-oqi-y-la-unesco-celebran-el-ano-internacional-de-la-cuantica-en-ginebra\/\" \/>\n<meta property=\"og:site_name\" content=\"IYQ 2025\" \/>\n<meta property=\"article:publisher\" content=\"https:\/\/www.facebook.com\/quantumyear2025\" \/>\n<meta property=\"article:modified_time\" content=\"2025-06-03T06:04:13+00:00\" \/>\n<meta property=\"og:image\" content=\"https:\/\/quantum2025.org\/wp-content\/uploads\/2025\/03\/Marc_Bader_imgc5220.jpg\" \/>\n\t<meta property=\"og:image:width\" content=\"1079\" \/>\n\t<meta property=\"og:image:height\" content=\"720\" \/>\n\t<meta property=\"og:image:type\" content=\"image\/jpeg\" \/>\n<meta name=\"twitter:card\" content=\"summary_large_image\" \/>\n<meta name=\"twitter:site\" content=\"@QuantumYear2025\" \/>\n<meta name=\"twitter:label1\" content=\"Est. reading time\" \/>\n\t<meta name=\"twitter:data1\" content=\"4 minutos\" \/>\n<script type=\"application\/ld+json\" class=\"yoast-schema-graph\">{\"@context\":\"https:\\\/\\\/schema.org\",\"@graph\":[{\"@type\":\"WebPage\",\"@id\":\"https:\\\/\\\/quantum2025.org\\\/es\\\/news-link\\\/la-oqi-y-la-unesco-celebran-el-ano-internacional-de-la-cuantica-en-ginebra\\\/\",\"url\":\"https:\\\/\\\/quantum2025.org\\\/es\\\/news-link\\\/la-oqi-y-la-unesco-celebran-el-ano-internacional-de-la-cuantica-en-ginebra\\\/\",\"name\":\"La OQI y la UNESCO celebran el A\u00f1o Internacional de la Cu\u00e1ntica en Ginebra - IYQ 2025\",\"isPartOf\":{\"@id\":\"https:\\\/\\\/quantum2025.org\\\/#website\"},\"primaryImageOfPage\":{\"@id\":\"https:\\\/\\\/quantum2025.org\\\/es\\\/news-link\\\/la-oqi-y-la-unesco-celebran-el-ano-internacional-de-la-cuantica-en-ginebra\\\/#primaryimage\"},\"image\":{\"@id\":\"https:\\\/\\\/quantum2025.org\\\/es\\\/news-link\\\/la-oqi-y-la-unesco-celebran-el-ano-internacional-de-la-cuantica-en-ginebra\\\/#primaryimage\"},\"thumbnailUrl\":\"https:\\\/\\\/quantum2025.org\\\/wp-content\\\/uploads\\\/2025\\\/03\\\/Marc_Bader_imgc5220.jpg\",\"datePublished\":\"2025-03-05T16:16:50+00:00\",\"dateModified\":\"2025-06-03T06:04:13+00:00\",\"description\":\"El 21 de febrero de 2025, m\u00e1s de 100 personas -entre ellas responsables pol\u00edticos, diplom\u00e1ticos, cient\u00edficos y educadores- se reunieron para celebrar el lanzamiento del A\u00f1o Internacional de la Ciencia y la Tecnolog\u00eda Cu\u00e1nticas (AIC) en Ginebra, tras la Ceremonia de Inauguraci\u00f3n oficial celebrada en la sede de la UNESCO en Par\u00eds a principios de este mes. Coorganizada por la OQI y la UNESCO, la celebraci\u00f3n tuvo lugar en el Conservatorio de M\u00fasica de Ginebra como uno de los actos mundiales reconocidos del AIC en 2025.\",\"breadcrumb\":{\"@id\":\"https:\\\/\\\/quantum2025.org\\\/es\\\/news-link\\\/la-oqi-y-la-unesco-celebran-el-ano-internacional-de-la-cuantica-en-ginebra\\\/#breadcrumb\"},\"inLanguage\":\"es\",\"potentialAction\":[{\"@type\":\"ReadAction\",\"target\":[\"https:\\\/\\\/quantum2025.org\\\/es\\\/news-link\\\/la-oqi-y-la-unesco-celebran-el-ano-internacional-de-la-cuantica-en-ginebra\\\/\"]}]},{\"@type\":\"ImageObject\",\"inLanguage\":\"es\",\"@id\":\"https:\\\/\\\/quantum2025.org\\\/es\\\/news-link\\\/la-oqi-y-la-unesco-celebran-el-ano-internacional-de-la-cuantica-en-ginebra\\\/#primaryimage\",\"url\":\"https:\\\/\\\/quantum2025.org\\\/wp-content\\\/uploads\\\/2025\\\/03\\\/Marc_Bader_imgc5220.jpg\",\"contentUrl\":\"https:\\\/\\\/quantum2025.org\\\/wp-content\\\/uploads\\\/2025\\\/03\\\/Marc_Bader_imgc5220.jpg\",\"width\":1079,\"height\":720},{\"@type\":\"BreadcrumbList\",\"@id\":\"https:\\\/\\\/quantum2025.org\\\/es\\\/news-link\\\/la-oqi-y-la-unesco-celebran-el-ano-internacional-de-la-cuantica-en-ginebra\\\/#breadcrumb\",\"itemListElement\":[{\"@type\":\"ListItem\",\"position\":1,\"name\":\"Home\",\"item\":\"https:\\\/\\\/quantum2025.org\\\/\"},{\"@type\":\"ListItem\",\"position\":2,\"name\":\"News External Links\",\"item\":\"https:\\\/\\\/quantum2025.org\\\/news-post\\\/\"},{\"@type\":\"ListItem\",\"position\":3,\"name\":\"La OQI y la UNESCO celebran el A\u00f1o Internacional de la Cu\u00e1ntica en Ginebra\"}]},{\"@type\":\"WebSite\",\"@id\":\"https:\\\/\\\/quantum2025.org\\\/#website\",\"url\":\"https:\\\/\\\/quantum2025.org\\\/\",\"name\":\"IYQ 2025\",\"description\":\"International Year of Quantum\",\"potentialAction\":[{\"@type\":\"SearchAction\",\"target\":{\"@type\":\"EntryPoint\",\"urlTemplate\":\"https:\\\/\\\/quantum2025.org\\\/?s={search_term_string}\"},\"query-input\":{\"@type\":\"PropertyValueSpecification\",\"valueRequired\":true,\"valueName\":\"search_term_string\"}}],\"inLanguage\":\"es\"}]}<\/script>\n<!-- \/ Yoast SEO plugin. -->","yoast_head_json":{"title":"La OQI y la UNESCO celebran el A\u00f1o Internacional de la Cu\u00e1ntica en Ginebra - IYQ 2025","description":"El 21 de febrero de 2025, m\u00e1s de 100 personas -entre ellas responsables pol\u00edticos, diplom\u00e1ticos, cient\u00edficos y educadores- se reunieron para celebrar el lanzamiento del A\u00f1o Internacional de la Ciencia y la Tecnolog\u00eda Cu\u00e1nticas (AIC) en Ginebra, tras la Ceremonia de Inauguraci\u00f3n oficial celebrada en la sede de la UNESCO en Par\u00eds a principios de este mes. Coorganizada por la OQI y la UNESCO, la celebraci\u00f3n tuvo lugar en el Conservatorio de M\u00fasica de Ginebra como uno de los actos mundiales reconocidos del AIC en 2025.","robots":{"index":"index","follow":"follow","max-snippet":"max-snippet:-1","max-image-preview":"max-image-preview:large","max-video-preview":"max-video-preview:-1"},"og_locale":"es_ES","og_type":"article","og_title":"La OQI y la UNESCO celebran el A\u00f1o Internacional de la Cu\u00e1ntica en Ginebra - IYQ 2025","og_description":"El 21 de febrero de 2025, m\u00e1s de 100 personas -entre ellas responsables pol\u00edticos, diplom\u00e1ticos, cient\u00edficos y educadores- se reunieron para celebrar el lanzamiento del A\u00f1o Internacional de la Ciencia y la Tecnolog\u00eda Cu\u00e1nticas (AIC) en Ginebra, tras la Ceremonia de Inauguraci\u00f3n oficial celebrada en la sede de la UNESCO en Par\u00eds a principios de este mes. Coorganizada por la OQI y la UNESCO, la celebraci\u00f3n tuvo lugar en el Conservatorio de M\u00fasica de Ginebra como uno de los actos mundiales reconocidos del AIC en 2025.","og_url":"https:\/\/quantum2025.org\/es\/news-link\/la-oqi-y-la-unesco-celebran-el-ano-internacional-de-la-cuantica-en-ginebra\/","og_site_name":"IYQ 2025","article_publisher":"https:\/\/www.facebook.com\/quantumyear2025","article_modified_time":"2025-06-03T06:04:13+00:00","og_image":[{"width":1079,"height":720,"url":"https:\/\/quantum2025.org\/wp-content\/uploads\/2025\/03\/Marc_Bader_imgc5220.jpg","type":"image\/jpeg"}],"twitter_card":"summary_large_image","twitter_site":"@QuantumYear2025","twitter_misc":{"Est. reading time":"4 minutos"},"schema":{"@context":"https:\/\/schema.org","@graph":[{"@type":"WebPage","@id":"https:\/\/quantum2025.org\/es\/news-link\/la-oqi-y-la-unesco-celebran-el-ano-internacional-de-la-cuantica-en-ginebra\/","url":"https:\/\/quantum2025.org\/es\/news-link\/la-oqi-y-la-unesco-celebran-el-ano-internacional-de-la-cuantica-en-ginebra\/","name":"La OQI y la UNESCO celebran el A\u00f1o Internacional de la Cu\u00e1ntica en Ginebra - IYQ 2025","isPartOf":{"@id":"https:\/\/quantum2025.org\/#website"},"primaryImageOfPage":{"@id":"https:\/\/quantum2025.org\/es\/news-link\/la-oqi-y-la-unesco-celebran-el-ano-internacional-de-la-cuantica-en-ginebra\/#primaryimage"},"image":{"@id":"https:\/\/quantum2025.org\/es\/news-link\/la-oqi-y-la-unesco-celebran-el-ano-internacional-de-la-cuantica-en-ginebra\/#primaryimage"},"thumbnailUrl":"https:\/\/quantum2025.org\/wp-content\/uploads\/2025\/03\/Marc_Bader_imgc5220.jpg","datePublished":"2025-03-05T16:16:50+00:00","dateModified":"2025-06-03T06:04:13+00:00","description":"El 21 de febrero de 2025, m\u00e1s de 100 personas -entre ellas responsables pol\u00edticos, diplom\u00e1ticos, cient\u00edficos y educadores- se reunieron para celebrar el lanzamiento del A\u00f1o Internacional de la Ciencia y la Tecnolog\u00eda Cu\u00e1nticas (AIC) en Ginebra, tras la Ceremonia de Inauguraci\u00f3n oficial celebrada en la sede de la UNESCO en Par\u00eds a principios de este mes. Coorganizada por la OQI y la UNESCO, la celebraci\u00f3n tuvo lugar en el Conservatorio de M\u00fasica de Ginebra como uno de los actos mundiales reconocidos del AIC en 2025.","breadcrumb":{"@id":"https:\/\/quantum2025.org\/es\/news-link\/la-oqi-y-la-unesco-celebran-el-ano-internacional-de-la-cuantica-en-ginebra\/#breadcrumb"},"inLanguage":"es","potentialAction":[{"@type":"ReadAction","target":["https:\/\/quantum2025.org\/es\/news-link\/la-oqi-y-la-unesco-celebran-el-ano-internacional-de-la-cuantica-en-ginebra\/"]}]},{"@type":"ImageObject","inLanguage":"es","@id":"https:\/\/quantum2025.org\/es\/news-link\/la-oqi-y-la-unesco-celebran-el-ano-internacional-de-la-cuantica-en-ginebra\/#primaryimage","url":"https:\/\/quantum2025.org\/wp-content\/uploads\/2025\/03\/Marc_Bader_imgc5220.jpg","contentUrl":"https:\/\/quantum2025.org\/wp-content\/uploads\/2025\/03\/Marc_Bader_imgc5220.jpg","width":1079,"height":720},{"@type":"BreadcrumbList","@id":"https:\/\/quantum2025.org\/es\/news-link\/la-oqi-y-la-unesco-celebran-el-ano-internacional-de-la-cuantica-en-ginebra\/#breadcrumb","itemListElement":[{"@type":"ListItem","position":1,"name":"Home","item":"https:\/\/quantum2025.org\/"},{"@type":"ListItem","position":2,"name":"News External Links","item":"https:\/\/quantum2025.org\/news-post\/"},{"@type":"ListItem","position":3,"name":"La OQI y la UNESCO celebran el A\u00f1o Internacional de la Cu\u00e1ntica en Ginebra"}]},{"@type":"WebSite","@id":"https:\/\/quantum2025.org\/#website","url":"https:\/\/quantum2025.org\/","name":"IYQ 2025","description":"International Year of Quantum","potentialAction":[{"@type":"SearchAction","target":{"@type":"EntryPoint","urlTemplate":"https:\/\/quantum2025.org\/?s={search_term_string}"},"query-input":{"@type":"PropertyValueSpecification","valueRequired":true,"valueName":"search_term_string"}}],"inLanguage":"es"}]}},"_links":{"self":[{"href":"https:\/\/quantum2025.org\/es\/wp-json\/wp\/v2\/news-link\/6644","targetHints":{"allow":["GET"]}}],"collection":[{"href":"https:\/\/quantum2025.org\/es\/wp-json\/wp\/v2\/news-link"}],"about":[{"href":"https:\/\/quantum2025.org\/es\/wp-json\/wp\/v2\/types\/news-link"}],"wp:featuredmedia":[{"embeddable":true,"href":"https:\/\/quantum2025.org\/es\/wp-json\/wp\/v2\/media\/4508"}],"wp:attachment":[{"href":"https:\/\/quantum2025.org\/es\/wp-json\/wp\/v2\/media?parent=6644"}],"wp:term":[{"taxonomy":"keywords","embeddable":true,"href":"https:\/\/quantum2025.org\/es\/wp-json\/wp\/v2\/keywords?post=6644"}],"curies":[{"name":"wp","href":"https:\/\/api.w.org\/{rel}","templated":true}]}}